{"id":2454,"date":"2020-12-31T14:59:00","date_gmt":"2020-12-31T14:59:00","guid":{"rendered":"https:\/\/biojam.pt\/?p=2454"},"modified":"2023-09-29T10:26:22","modified_gmt":"2023-09-29T10:26:22","slug":"tvi-24-testes-covid-19-saliva-chegam-a-portugal","status":"publish","type":"post","link":"https:\/\/biojam.pt\/en\/2020\/12\/31\/tvi-24-testes-covid-19-saliva-chegam-a-portugal\/","title":{"rendered":"COVID-19 SALIVA tests arrive in Portugal"},"content":{"rendered":"<p>A new diagnostic method alternative to the swab test (COVID-19 Saliva Tests) allows for testing without the invasive component present in swab antigen tests.<\/p>\n\n\n<div class=\"wp-block-columns are-vertically-aligned-center is-layout-flex wp-container-core-columns-is-layout-9d6595d7 wp-block-columns-is-layout-flex\">\n<div class=\"wp-block-column is-vertically-aligned-center is-layout-flow wp-block-column-is-layout-flow\" style=\"flex-basis:100%\">\n<figure class=\"wp-block-embed is-type-video is-provider-youtube wp-block-embed-youtube wp-embed-aspect-16-9 wp-has-aspect-ratio\"><div class=\"wp-block-embed__wrapper\">\n<iframe loading=\"lazy\" title=\"BioJam Holding Group disponibiliza em Portugal kits individuais de Testes R\u00e1pidos de COVID-19.\" width=\"1020\" height=\"574\" src=\"https:\/\/www.youtube.com\/embed\/H0CopeBD7O8?feature=oembed\" frameborder=\"0\" allow=\"accelerometer; autoplay; clipboard-write; encrypted-media; gyroscope; picture-in-picture\" allowfullscreen><\/iframe>\n<\/div><\/figure>\n<\/div>\n<\/div>\n\n\n<p>Advantages of the Saliva test:<br \/>- Minimally invasive, using a saliva sample;<br \/>- Quick and simple process;<br \/>- Accessible to all population types;<br \/>- Rapid results (10 minutes);<br \/>- Cost-effective solution;<br \/>- Individual test kit;<br \/>- Rapid identification of active cases that may spread to others.<\/p>","protected":false},"excerpt":{"rendered":"<p>Um novo m\u00e9todo de diagn\u00f3stico alternativo ao da zaragatoa (Testes COVID-19 Saliva), permite efectuar os testes sem a componente invasiva que se verifica nos teste Antig\u00e9nio de Zaragatoa. Vantagens do teste da Saliva:&#8211; Pouco invasivo, a partir de amostra de saliva;&#8211; Rapidez e simplicidade do processo;&#8211; Acessivel a todo o tipo de popula\u00e7\u00e3o;&#8211; Rapidez na&#8230;<\/p>","protected":false},"author":2,"featured_media":2457,"comment_status":"closed","ping_status":"open","sticky":false,"template":"","format":"standard","meta":{"inline_featured_image":false,"footnotes":""},"categories":[22],"tags":[32,52],"class_list":["post-2454","post","type-post","status-publish","format-standard","has-post-thumbnail","hentry","category-noticias-externas","tag-testes-antigenio","tag-testes-covid-19-saliva"],"yoast_head":"<!-- This site is optimized with the Yoast SEO plugin v22.7 - https:\/\/yoast.com\/wordpress\/plugins\/seo\/ -->\n<title>Testes COVID-19 SALIVA chegam a Portugal - Biojam Holding Group<\/title>\n<meta name=\"robots\" content=\"index, follow, max-snippet:-1, max-image-preview:large, max-video-preview:-1\" \/>\n<link rel=\"canonical\" href=\"https:\/\/biojam.pt\/en\/2020\/12\/31\/tvi-24-testes-covid-19-saliva-chegam-a-portugal\/\" \/>\n<meta property=\"og:locale\" content=\"en_GB\" \/>\n<meta property=\"og:type\" content=\"article\" \/>\n<meta property=\"og:title\" content=\"Testes COVID-19 SALIVA chegam a Portugal - Biojam Holding Group\" \/>\n<meta property=\"og:description\" content=\"Um novo m\u00e9todo de diagn\u00f3stico alternativo ao da zaragatoa (Testes COVID-19 Saliva), permite efectuar os testes sem a componente invasiva que se verifica nos teste Antig\u00e9nio de Zaragatoa. Vantagens do teste da Saliva:&#8211; Pouco invasivo, a partir de amostra de saliva;&#8211; Rapidez e simplicidade do processo;&#8211; Acessivel a todo o tipo de popula\u00e7\u00e3o;&#8211; Rapidez na...\" \/>\n<meta property=\"og:url\" content=\"https:\/\/biojam.pt\/en\/2020\/12\/31\/tvi-24-testes-covid-19-saliva-chegam-a-portugal\/\" \/>\n<meta property=\"og:site_name\" content=\"Biojam Holding Group\" \/>\n<meta property=\"article:publisher\" content=\"https:\/\/www.facebook.com\/biojamholding\" \/>\n<meta property=\"article:published_time\" content=\"2020-12-31T14:59:00+00:00\" \/>\n<meta property=\"article:modified_time\" content=\"2023-09-29T10:26:22+00:00\" \/>\n<meta property=\"og:image\" content=\"https:\/\/biojam.pt\/wp-content\/uploads\/2021\/01\/tvi24-testes-rapidos-saliva-covid19.jpg\" \/>\n\t<meta property=\"og:image:width\" content=\"768\" \/>\n\t<meta property=\"og:image:height\" content=\"432\" \/>\n\t<meta property=\"og:image:type\" content=\"image\/jpeg\" \/>\n<meta name=\"author\" content=\"eduardo\" \/>\n<meta name=\"twitter:card\" content=\"summary_large_image\" \/>\n<meta name=\"twitter:label1\" content=\"Written by\" \/>\n\t<meta name=\"twitter:data1\" content=\"eduardo\" \/>\n\t<meta name=\"twitter:label2\" content=\"Estimated reading time\" \/>\n\t<meta name=\"twitter:data2\" content=\"1 minute\" \/>\n<script type=\"application\/ld+json\" class=\"yoast-schema-graph\">{\"@context\":\"https:\/\/schema.org\",\"@graph\":[{\"@type\":\"Article\",\"@id\":\"https:\/\/biojam.pt\/2020\/12\/31\/tvi-24-testes-covid-19-saliva-chegam-a-portugal\/#article\",\"isPartOf\":{\"@id\":\"https:\/\/biojam.pt\/2020\/12\/31\/tvi-24-testes-covid-19-saliva-chegam-a-portugal\/\"},\"author\":{\"name\":\"eduardo\",\"@id\":\"https:\/\/biojam.pt\/#\/schema\/person\/a0cc565cc11775f3e7cb4f5e4ca5e717\"},\"headline\":\"Testes COVID-19 SALIVA chegam a Portugal\",\"datePublished\":\"2020-12-31T14:59:00+00:00\",\"dateModified\":\"2023-09-29T10:26:22+00:00\",\"mainEntityOfPage\":{\"@id\":\"https:\/\/biojam.pt\/2020\/12\/31\/tvi-24-testes-covid-19-saliva-chegam-a-portugal\/\"},\"wordCount\":109,\"publisher\":{\"@id\":\"https:\/\/biojam.pt\/#organization\"},\"image\":{\"@id\":\"https:\/\/biojam.pt\/2020\/12\/31\/tvi-24-testes-covid-19-saliva-chegam-a-portugal\/#primaryimage\"},\"thumbnailUrl\":\"https:\/\/biojam.pt\/wp-content\/uploads\/2021\/01\/tvi24-testes-rapidos-saliva-covid19.jpg\",\"keywords\":[\"Testes Antig\u00e9nio\",\"testes covid-19 saliva\"],\"articleSection\":[\"Noticias externas\"],\"inLanguage\":\"en-GB\"},{\"@type\":\"WebPage\",\"@id\":\"https:\/\/biojam.pt\/2020\/12\/31\/tvi-24-testes-covid-19-saliva-chegam-a-portugal\/\",\"url\":\"https:\/\/biojam.pt\/2020\/12\/31\/tvi-24-testes-covid-19-saliva-chegam-a-portugal\/\",\"name\":\"Testes COVID-19 SALIVA chegam a Portugal - Biojam Holding Group\",\"isPartOf\":{\"@id\":\"https:\/\/biojam.pt\/#website\"},\"primaryImageOfPage\":{\"@id\":\"https:\/\/biojam.pt\/2020\/12\/31\/tvi-24-testes-covid-19-saliva-chegam-a-portugal\/#primaryimage\"},\"image\":{\"@id\":\"https:\/\/biojam.pt\/2020\/12\/31\/tvi-24-testes-covid-19-saliva-chegam-a-portugal\/#primaryimage\"},\"thumbnailUrl\":\"https:\/\/biojam.pt\/wp-content\/uploads\/2021\/01\/tvi24-testes-rapidos-saliva-covid19.jpg\",\"datePublished\":\"2020-12-31T14:59:00+00:00\",\"dateModified\":\"2023-09-29T10:26:22+00:00\",\"breadcrumb\":{\"@id\":\"https:\/\/biojam.pt\/2020\/12\/31\/tvi-24-testes-covid-19-saliva-chegam-a-portugal\/#breadcrumb\"},\"inLanguage\":\"en-GB\",\"potentialAction\":[{\"@type\":\"ReadAction\",\"target\":[\"https:\/\/biojam.pt\/2020\/12\/31\/tvi-24-testes-covid-19-saliva-chegam-a-portugal\/\"]}]},{\"@type\":\"ImageObject\",\"inLanguage\":\"en-GB\",\"@id\":\"https:\/\/biojam.pt\/2020\/12\/31\/tvi-24-testes-covid-19-saliva-chegam-a-portugal\/#primaryimage\",\"url\":\"https:\/\/biojam.pt\/wp-content\/uploads\/2021\/01\/tvi24-testes-rapidos-saliva-covid19.jpg\",\"contentUrl\":\"https:\/\/biojam.pt\/wp-content\/uploads\/2021\/01\/tvi24-testes-rapidos-saliva-covid19.jpg\",\"width\":768,\"height\":432,\"caption\":\"tvi24-testes-rapidos-saliva-covid19\"},{\"@type\":\"BreadcrumbList\",\"@id\":\"https:\/\/biojam.pt\/2020\/12\/31\/tvi-24-testes-covid-19-saliva-chegam-a-portugal\/#breadcrumb\",\"itemListElement\":[{\"@type\":\"ListItem\",\"position\":1,\"name\":\"In\u00edcio\",\"item\":\"https:\/\/biojam.pt\/\"},{\"@type\":\"ListItem\",\"position\":2,\"name\":\"Testes COVID-19 SALIVA chegam a Portugal\"}]},{\"@type\":\"WebSite\",\"@id\":\"https:\/\/biojam.pt\/#website\",\"url\":\"https:\/\/biojam.pt\/\",\"name\":\"Biojam Holding Group\",\"description\":\"Empresa farmac\u00eautica de refer\u00eancia na Pen\u00ednsula Ib\u00e9rica.\",\"publisher\":{\"@id\":\"https:\/\/biojam.pt\/#organization\"},\"potentialAction\":[{\"@type\":\"SearchAction\",\"target\":{\"@type\":\"EntryPoint\",\"urlTemplate\":\"https:\/\/biojam.pt\/?s={search_term_string}\"},\"query-input\":\"required name=search_term_string\"}],\"inLanguage\":\"en-GB\"},{\"@type\":\"Organization\",\"@id\":\"https:\/\/biojam.pt\/#organization\",\"name\":\"Biojam Holding Group\",\"url\":\"https:\/\/biojam.pt\/\",\"logo\":{\"@type\":\"ImageObject\",\"inLanguage\":\"en-GB\",\"@id\":\"https:\/\/biojam.pt\/#\/schema\/logo\/image\/\",\"url\":\"https:\/\/biojam.pt\/wp-content\/uploads\/2022\/05\/logotipo-biojam-L500px-02.png\",\"contentUrl\":\"https:\/\/biojam.pt\/wp-content\/uploads\/2022\/05\/logotipo-biojam-L500px-02.png\",\"width\":501,\"height\":199,\"caption\":\"Biojam Holding Group\"},\"image\":{\"@id\":\"https:\/\/biojam.pt\/#\/schema\/logo\/image\/\"},\"sameAs\":[\"https:\/\/www.facebook.com\/biojamholding\"]},{\"@type\":\"Person\",\"@id\":\"https:\/\/biojam.pt\/#\/schema\/person\/a0cc565cc11775f3e7cb4f5e4ca5e717\",\"name\":\"eduardo\",\"image\":{\"@type\":\"ImageObject\",\"inLanguage\":\"en-GB\",\"@id\":\"https:\/\/biojam.pt\/#\/schema\/person\/image\/\",\"url\":\"https:\/\/secure.gravatar.com\/avatar\/765b26d69b26c109be48048709416b7bea566a6e3adf19063550b3d86f47c4b0?s=96&d=mm&r=g\",\"contentUrl\":\"https:\/\/secure.gravatar.com\/avatar\/765b26d69b26c109be48048709416b7bea566a6e3adf19063550b3d86f47c4b0?s=96&d=mm&r=g\",\"caption\":\"eduardo\"},\"url\":\"https:\/\/biojam.pt\/en\/author\/eduardo\/\"}]}<\/script>\n<!-- \/ Yoast SEO plugin. -->","yoast_head_json":{"title":"Testes COVID-19 SALIVA chegam a Portugal - Biojam Holding Group","robots":{"index":"index","follow":"follow","max-snippet":"max-snippet:-1","max-image-preview":"max-image-preview:large","max-video-preview":"max-video-preview:-1"},"canonical":"https:\/\/biojam.pt\/en\/2020\/12\/31\/tvi-24-testes-covid-19-saliva-chegam-a-portugal\/","og_locale":"en_GB","og_type":"article","og_title":"Testes COVID-19 SALIVA chegam a Portugal - Biojam Holding Group","og_description":"Um novo m\u00e9todo de diagn\u00f3stico alternativo ao da zaragatoa (Testes COVID-19 Saliva), permite efectuar os testes sem a componente invasiva que se verifica nos teste Antig\u00e9nio de Zaragatoa. Vantagens do teste da Saliva:&#8211; Pouco invasivo, a partir de amostra de saliva;&#8211; Rapidez e simplicidade do processo;&#8211; Acessivel a todo o tipo de popula\u00e7\u00e3o;&#8211; Rapidez na...","og_url":"https:\/\/biojam.pt\/en\/2020\/12\/31\/tvi-24-testes-covid-19-saliva-chegam-a-portugal\/","og_site_name":"Biojam Holding Group","article_publisher":"https:\/\/www.facebook.com\/biojamholding","article_published_time":"2020-12-31T14:59:00+00:00","article_modified_time":"2023-09-29T10:26:22+00:00","og_image":[{"width":768,"height":432,"url":"https:\/\/biojam.pt\/wp-content\/uploads\/2021\/01\/tvi24-testes-rapidos-saliva-covid19.jpg","type":"image\/jpeg"}],"author":"eduardo","twitter_card":"summary_large_image","twitter_misc":{"Written by":"eduardo","Estimated reading time":"1 minute"},"schema":{"@context":"https:\/\/schema.org","@graph":[{"@type":"Article","@id":"https:\/\/biojam.pt\/2020\/12\/31\/tvi-24-testes-covid-19-saliva-chegam-a-portugal\/#article","isPartOf":{"@id":"https:\/\/biojam.pt\/2020\/12\/31\/tvi-24-testes-covid-19-saliva-chegam-a-portugal\/"},"author":{"name":"eduardo","@id":"https:\/\/biojam.pt\/#\/schema\/person\/a0cc565cc11775f3e7cb4f5e4ca5e717"},"headline":"Testes COVID-19 SALIVA chegam a Portugal","datePublished":"2020-12-31T14:59:00+00:00","dateModified":"2023-09-29T10:26:22+00:00","mainEntityOfPage":{"@id":"https:\/\/biojam.pt\/2020\/12\/31\/tvi-24-testes-covid-19-saliva-chegam-a-portugal\/"},"wordCount":109,"publisher":{"@id":"https:\/\/biojam.pt\/#organization"},"image":{"@id":"https:\/\/biojam.pt\/2020\/12\/31\/tvi-24-testes-covid-19-saliva-chegam-a-portugal\/#primaryimage"},"thumbnailUrl":"https:\/\/biojam.pt\/wp-content\/uploads\/2021\/01\/tvi24-testes-rapidos-saliva-covid19.jpg","keywords":["Testes Antig\u00e9nio","testes covid-19 saliva"],"articleSection":["Noticias externas"],"inLanguage":"en-GB"},{"@type":"WebPage","@id":"https:\/\/biojam.pt\/2020\/12\/31\/tvi-24-testes-covid-19-saliva-chegam-a-portugal\/","url":"https:\/\/biojam.pt\/2020\/12\/31\/tvi-24-testes-covid-19-saliva-chegam-a-portugal\/","name":"Testes COVID-19 SALIVA chegam a Portugal - Biojam Holding Group","isPartOf":{"@id":"https:\/\/biojam.pt\/#website"},"primaryImageOfPage":{"@id":"https:\/\/biojam.pt\/2020\/12\/31\/tvi-24-testes-covid-19-saliva-chegam-a-portugal\/#primaryimage"},"image":{"@id":"https:\/\/biojam.pt\/2020\/12\/31\/tvi-24-testes-covid-19-saliva-chegam-a-portugal\/#primaryimage"},"thumbnailUrl":"https:\/\/biojam.pt\/wp-content\/uploads\/2021\/01\/tvi24-testes-rapidos-saliva-covid19.jpg","datePublished":"2020-12-31T14:59:00+00:00","dateModified":"2023-09-29T10:26:22+00:00","breadcrumb":{"@id":"https:\/\/biojam.pt\/2020\/12\/31\/tvi-24-testes-covid-19-saliva-chegam-a-portugal\/#breadcrumb"},"inLanguage":"en-GB","potentialAction":[{"@type":"ReadAction","target":["https:\/\/biojam.pt\/2020\/12\/31\/tvi-24-testes-covid-19-saliva-chegam-a-portugal\/"]}]},{"@type":"ImageObject","inLanguage":"en-GB","@id":"https:\/\/biojam.pt\/2020\/12\/31\/tvi-24-testes-covid-19-saliva-chegam-a-portugal\/#primaryimage","url":"https:\/\/biojam.pt\/wp-content\/uploads\/2021\/01\/tvi24-testes-rapidos-saliva-covid19.jpg","contentUrl":"https:\/\/biojam.pt\/wp-content\/uploads\/2021\/01\/tvi24-testes-rapidos-saliva-covid19.jpg","width":768,"height":432,"caption":"tvi24-testes-rapidos-saliva-covid19"},{"@type":"BreadcrumbList","@id":"https:\/\/biojam.pt\/2020\/12\/31\/tvi-24-testes-covid-19-saliva-chegam-a-portugal\/#breadcrumb","itemListElement":[{"@type":"ListItem","position":1,"name":"In\u00edcio","item":"https:\/\/biojam.pt\/"},{"@type":"ListItem","position":2,"name":"Testes COVID-19 SALIVA chegam a Portugal"}]},{"@type":"WebSite","@id":"https:\/\/biojam.pt\/#website","url":"https:\/\/biojam.pt\/","name":"Biojam Holding Group","description":"Empresa farmac\u00eautica de refer\u00eancia na Pen\u00ednsula Ib\u00e9rica.","publisher":{"@id":"https:\/\/biojam.pt\/#organization"},"potentialAction":[{"@type":"SearchAction","target":{"@type":"EntryPoint","urlTemplate":"https:\/\/biojam.pt\/?s={search_term_string}"},"query-input":"required name=search_term_string"}],"inLanguage":"en-GB"},{"@type":"Organization","@id":"https:\/\/biojam.pt\/#organization","name":"Biojam Holding Group","url":"https:\/\/biojam.pt\/","logo":{"@type":"ImageObject","inLanguage":"en-GB","@id":"https:\/\/biojam.pt\/#\/schema\/logo\/image\/","url":"https:\/\/biojam.pt\/wp-content\/uploads\/2022\/05\/logotipo-biojam-L500px-02.png","contentUrl":"https:\/\/biojam.pt\/wp-content\/uploads\/2022\/05\/logotipo-biojam-L500px-02.png","width":501,"height":199,"caption":"Biojam Holding Group"},"image":{"@id":"https:\/\/biojam.pt\/#\/schema\/logo\/image\/"},"sameAs":["https:\/\/www.facebook.com\/biojamholding"]},{"@type":"Person","@id":"https:\/\/biojam.pt\/#\/schema\/person\/a0cc565cc11775f3e7cb4f5e4ca5e717","name":"eduardo","image":{"@type":"ImageObject","inLanguage":"en-GB","@id":"https:\/\/biojam.pt\/#\/schema\/person\/image\/","url":"https:\/\/secure.gravatar.com\/avatar\/765b26d69b26c109be48048709416b7bea566a6e3adf19063550b3d86f47c4b0?s=96&d=mm&r=g","contentUrl":"https:\/\/secure.gravatar.com\/avatar\/765b26d69b26c109be48048709416b7bea566a6e3adf19063550b3d86f47c4b0?s=96&d=mm&r=g","caption":"eduardo"},"url":"https:\/\/biojam.pt\/en\/author\/eduardo\/"}]}},"_links":{"self":[{"href":"https:\/\/biojam.pt\/en\/wp-json\/wp\/v2\/posts\/2454","targetHints":{"allow":["GET"]}}],"collection":[{"href":"https:\/\/biojam.pt\/en\/wp-json\/wp\/v2\/posts"}],"about":[{"href":"https:\/\/biojam.pt\/en\/wp-json\/wp\/v2\/types\/post"}],"author":[{"embeddable":true,"href":"https:\/\/biojam.pt\/en\/wp-json\/wp\/v2\/users\/2"}],"replies":[{"embeddable":true,"href":"https:\/\/biojam.pt\/en\/wp-json\/wp\/v2\/comments?post=2454"}],"version-history":[{"count":1,"href":"https:\/\/biojam.pt\/en\/wp-json\/wp\/v2\/posts\/2454\/revisions"}],"predecessor-version":[{"id":4310,"href":"https:\/\/biojam.pt\/en\/wp-json\/wp\/v2\/posts\/2454\/revisions\/4310"}],"wp:featuredmedia":[{"embeddable":true,"href":"https:\/\/biojam.pt\/en\/wp-json\/wp\/v2\/media\/2457"}],"wp:attachment":[{"href":"https:\/\/biojam.pt\/en\/wp-json\/wp\/v2\/media?parent=2454"}],"wp:term":[{"taxonomy":"category","embeddable":true,"href":"https:\/\/biojam.pt\/en\/wp-json\/wp\/v2\/categories?post=2454"},{"taxonomy":"post_tag","embeddable":true,"href":"https:\/\/biojam.pt\/en\/wp-json\/wp\/v2\/tags?post=2454"}],"curies":[{"name":"wp","href":"https:\/\/api.w.org\/{rel}","templated":true}]}}