{"id":2502,"date":"2021-01-18T15:13:33","date_gmt":"2021-01-18T15:13:33","guid":{"rendered":"https:\/\/biojam.pt\/?p=2502"},"modified":"2023-09-29T10:26:21","modified_gmt":"2023-09-29T10:26:21","slug":"tvi24-carlos-monteiro-testes-rapidos-saliva","status":"publish","type":"post","link":"https:\/\/biojam.pt\/en\/2021\/01\/18\/tvi24-carlos-monteiro-testes-rapidos-saliva\/","title":{"rendered":"TVI24 - Carlos Monteiro on Ag COVID-19 rapid saliva tests"},"content":{"rendered":"<p>Rapid saliva tests allow for the direct detection of virus proteins, thus filling a gap in rapid diagnosis in the early stage of infection, which occurred with IgG and IgM serological antibody tests, since this test has a detection window similar to PCR tests.<\/p>\n\n\n<figure class=\"wp-block-embed is-type-video is-provider-youtube wp-block-embed-youtube wp-embed-aspect-16-9 wp-has-aspect-ratio\"><div class=\"wp-block-embed__wrapper\">\n<iframe loading=\"lazy\" title=\"TVI24 - Carlos Monteiro sobre Testes r\u00e1pidos Saliva Ag COVID-19\" width=\"1020\" height=\"574\" src=\"https:\/\/www.youtube.com\/embed\/BLiX4Avh82U?feature=oembed\" frameborder=\"0\" allow=\"accelerometer; autoplay; clipboard-write; encrypted-media; gyroscope; picture-in-picture\" allowfullscreen><\/iframe>\n<\/div><\/figure>\n\n\n<p>This test allows for the direct detection of virus proteins, thus filling a gap in rapid diagnosis in the early stage of infection, which occurred with IgG and IgM serological antibody tests, since this test has a detection window similar to PCR tests.<\/p>","protected":false},"excerpt":{"rendered":"<p>Testes r\u00e1pidos Saliva permite detetar diretamente a presen\u00e7a de prote\u00ednas do v\u00edrus, preenchendo assim uma lacuna de diagn\u00f3stico r\u00e1pido na fase inicial da infe\u00e7\u00e3o e que ocorria com os testes serol\u00f3gicos de Anticorpos IgG e IgM, j\u00e1 que este teste disp\u00f5e de uma janela de dete\u00e7\u00e3o similar \u00e0 dos testes PCR. Este teste permite detetar&#8230;<\/p>","protected":false},"author":2,"featured_media":2503,"comment_status":"closed","ping_status":"open","sticky":false,"template":"","format":"standard","meta":{"inline_featured_image":false,"footnotes":""},"categories":[22],"tags":[33,23,52,53],"class_list":["post-2502","post","type-post","status-publish","format-standard","has-post-thumbnail","hentry","category-noticias-externas","tag-biojam-holding-group","tag-teste-covid19","tag-testes-covid-19-saliva","tag-tvi24"],"yoast_head":"<!-- This site is optimized with the Yoast SEO plugin v22.7 - https:\/\/yoast.com\/wordpress\/plugins\/seo\/ -->\n<title>TVI24 - Carlos Monteiro sobre Testes r\u00e1pidos Saliva Ag COVID-19 - Biojam Holding Group<\/title>\n<meta name=\"robots\" content=\"index, follow, max-snippet:-1, max-image-preview:large, max-video-preview:-1\" \/>\n<link rel=\"canonical\" href=\"https:\/\/biojam.pt\/en\/2021\/01\/18\/tvi24-carlos-monteiro-testes-rapidos-saliva\/\" \/>\n<meta property=\"og:locale\" content=\"en_GB\" \/>\n<meta property=\"og:type\" content=\"article\" \/>\n<meta property=\"og:title\" content=\"TVI24 - Carlos Monteiro sobre Testes r\u00e1pidos Saliva Ag COVID-19 - Biojam Holding Group\" \/>\n<meta property=\"og:description\" content=\"Testes r\u00e1pidos Saliva permite detetar diretamente a presen\u00e7a de prote\u00ednas do v\u00edrus, preenchendo assim uma lacuna de diagn\u00f3stico r\u00e1pido na fase inicial da infe\u00e7\u00e3o e que ocorria com os testes serol\u00f3gicos de Anticorpos IgG e IgM, j\u00e1 que este teste disp\u00f5e de uma janela de dete\u00e7\u00e3o similar \u00e0 dos testes PCR. Este teste permite detetar...\" \/>\n<meta property=\"og:url\" content=\"https:\/\/biojam.pt\/en\/2021\/01\/18\/tvi24-carlos-monteiro-testes-rapidos-saliva\/\" \/>\n<meta property=\"og:site_name\" content=\"Biojam Holding Group\" \/>\n<meta property=\"article:publisher\" content=\"https:\/\/www.facebook.com\/biojamholding\" \/>\n<meta property=\"article:published_time\" content=\"2021-01-18T15:13:33+00:00\" \/>\n<meta property=\"article:modified_time\" content=\"2023-09-29T10:26:21+00:00\" \/>\n<meta property=\"og:image\" content=\"https:\/\/biojam.pt\/wp-content\/uploads\/2021\/01\/tvi24-testes-rapidos-saliva-covid19-carlos-monteiro-20210116-.jpg\" \/>\n\t<meta property=\"og:image:width\" content=\"768\" \/>\n\t<meta property=\"og:image:height\" content=\"432\" \/>\n\t<meta property=\"og:image:type\" content=\"image\/jpeg\" \/>\n<meta name=\"author\" content=\"eduardo\" \/>\n<meta name=\"twitter:card\" content=\"summary_large_image\" \/>\n<meta name=\"twitter:label1\" content=\"Written by\" \/>\n\t<meta name=\"twitter:data1\" content=\"eduardo\" \/>\n\t<meta name=\"twitter:label2\" content=\"Estimated reading time\" \/>\n\t<meta name=\"twitter:data2\" content=\"1 minute\" \/>\n<script type=\"application\/ld+json\" class=\"yoast-schema-graph\">{\"@context\":\"https:\/\/schema.org\",\"@graph\":[{\"@type\":\"Article\",\"@id\":\"https:\/\/biojam.pt\/2021\/01\/18\/tvi24-carlos-monteiro-testes-rapidos-saliva\/#article\",\"isPartOf\":{\"@id\":\"https:\/\/biojam.pt\/2021\/01\/18\/tvi24-carlos-monteiro-testes-rapidos-saliva\/\"},\"author\":{\"name\":\"eduardo\",\"@id\":\"https:\/\/biojam.pt\/#\/schema\/person\/a0cc565cc11775f3e7cb4f5e4ca5e717\"},\"headline\":\"TVI24 &#8211; Carlos Monteiro sobre Testes r\u00e1pidos Saliva Ag COVID-19\",\"datePublished\":\"2021-01-18T15:13:33+00:00\",\"dateModified\":\"2023-09-29T10:26:21+00:00\",\"mainEntityOfPage\":{\"@id\":\"https:\/\/biojam.pt\/2021\/01\/18\/tvi24-carlos-monteiro-testes-rapidos-saliva\/\"},\"wordCount\":142,\"publisher\":{\"@id\":\"https:\/\/biojam.pt\/#organization\"},\"image\":{\"@id\":\"https:\/\/biojam.pt\/2021\/01\/18\/tvi24-carlos-monteiro-testes-rapidos-saliva\/#primaryimage\"},\"thumbnailUrl\":\"https:\/\/biojam.pt\/wp-content\/uploads\/2021\/01\/tvi24-testes-rapidos-saliva-covid19-carlos-monteiro-20210116-.jpg\",\"keywords\":[\"Biojam Holding Group\",\"Teste Covid19\",\"testes covid-19 saliva\",\"tvi24\"],\"articleSection\":[\"Noticias externas\"],\"inLanguage\":\"en-GB\"},{\"@type\":\"WebPage\",\"@id\":\"https:\/\/biojam.pt\/2021\/01\/18\/tvi24-carlos-monteiro-testes-rapidos-saliva\/\",\"url\":\"https:\/\/biojam.pt\/2021\/01\/18\/tvi24-carlos-monteiro-testes-rapidos-saliva\/\",\"name\":\"TVI24 - Carlos Monteiro sobre Testes r\u00e1pidos Saliva Ag COVID-19 - Biojam Holding Group\",\"isPartOf\":{\"@id\":\"https:\/\/biojam.pt\/#website\"},\"primaryImageOfPage\":{\"@id\":\"https:\/\/biojam.pt\/2021\/01\/18\/tvi24-carlos-monteiro-testes-rapidos-saliva\/#primaryimage\"},\"image\":{\"@id\":\"https:\/\/biojam.pt\/2021\/01\/18\/tvi24-carlos-monteiro-testes-rapidos-saliva\/#primaryimage\"},\"thumbnailUrl\":\"https:\/\/biojam.pt\/wp-content\/uploads\/2021\/01\/tvi24-testes-rapidos-saliva-covid19-carlos-monteiro-20210116-.jpg\",\"datePublished\":\"2021-01-18T15:13:33+00:00\",\"dateModified\":\"2023-09-29T10:26:21+00:00\",\"breadcrumb\":{\"@id\":\"https:\/\/biojam.pt\/2021\/01\/18\/tvi24-carlos-monteiro-testes-rapidos-saliva\/#breadcrumb\"},\"inLanguage\":\"en-GB\",\"potentialAction\":[{\"@type\":\"ReadAction\",\"target\":[\"https:\/\/biojam.pt\/2021\/01\/18\/tvi24-carlos-monteiro-testes-rapidos-saliva\/\"]}]},{\"@type\":\"ImageObject\",\"inLanguage\":\"en-GB\",\"@id\":\"https:\/\/biojam.pt\/2021\/01\/18\/tvi24-carlos-monteiro-testes-rapidos-saliva\/#primaryimage\",\"url\":\"https:\/\/biojam.pt\/wp-content\/uploads\/2021\/01\/tvi24-testes-rapidos-saliva-covid19-carlos-monteiro-20210116-.jpg\",\"contentUrl\":\"https:\/\/biojam.pt\/wp-content\/uploads\/2021\/01\/tvi24-testes-rapidos-saliva-covid19-carlos-monteiro-20210116-.jpg\",\"width\":768,\"height\":432,\"caption\":\"tvi24-testes-rapidos-saliva-covid19-carlos-monteiro-20210116-\"},{\"@type\":\"BreadcrumbList\",\"@id\":\"https:\/\/biojam.pt\/2021\/01\/18\/tvi24-carlos-monteiro-testes-rapidos-saliva\/#breadcrumb\",\"itemListElement\":[{\"@type\":\"ListItem\",\"position\":1,\"name\":\"In\u00edcio\",\"item\":\"https:\/\/biojam.pt\/\"},{\"@type\":\"ListItem\",\"position\":2,\"name\":\"TVI24 &#8211; Carlos Monteiro sobre Testes r\u00e1pidos Saliva Ag COVID-19\"}]},{\"@type\":\"WebSite\",\"@id\":\"https:\/\/biojam.pt\/#website\",\"url\":\"https:\/\/biojam.pt\/\",\"name\":\"Biojam Holding Group\",\"description\":\"Empresa farmac\u00eautica de refer\u00eancia na Pen\u00ednsula Ib\u00e9rica.\",\"publisher\":{\"@id\":\"https:\/\/biojam.pt\/#organization\"},\"potentialAction\":[{\"@type\":\"SearchAction\",\"target\":{\"@type\":\"EntryPoint\",\"urlTemplate\":\"https:\/\/biojam.pt\/?s={search_term_string}\"},\"query-input\":\"required name=search_term_string\"}],\"inLanguage\":\"en-GB\"},{\"@type\":\"Organization\",\"@id\":\"https:\/\/biojam.pt\/#organization\",\"name\":\"Biojam Holding Group\",\"url\":\"https:\/\/biojam.pt\/\",\"logo\":{\"@type\":\"ImageObject\",\"inLanguage\":\"en-GB\",\"@id\":\"https:\/\/biojam.pt\/#\/schema\/logo\/image\/\",\"url\":\"https:\/\/biojam.pt\/wp-content\/uploads\/2022\/05\/logotipo-biojam-L500px-02.png\",\"contentUrl\":\"https:\/\/biojam.pt\/wp-content\/uploads\/2022\/05\/logotipo-biojam-L500px-02.png\",\"width\":501,\"height\":199,\"caption\":\"Biojam Holding Group\"},\"image\":{\"@id\":\"https:\/\/biojam.pt\/#\/schema\/logo\/image\/\"},\"sameAs\":[\"https:\/\/www.facebook.com\/biojamholding\"]},{\"@type\":\"Person\",\"@id\":\"https:\/\/biojam.pt\/#\/schema\/person\/a0cc565cc11775f3e7cb4f5e4ca5e717\",\"name\":\"eduardo\",\"image\":{\"@type\":\"ImageObject\",\"inLanguage\":\"en-GB\",\"@id\":\"https:\/\/biojam.pt\/#\/schema\/person\/image\/\",\"url\":\"https:\/\/secure.gravatar.com\/avatar\/765b26d69b26c109be48048709416b7bea566a6e3adf19063550b3d86f47c4b0?s=96&d=mm&r=g\",\"contentUrl\":\"https:\/\/secure.gravatar.com\/avatar\/765b26d69b26c109be48048709416b7bea566a6e3adf19063550b3d86f47c4b0?s=96&d=mm&r=g\",\"caption\":\"eduardo\"},\"url\":\"https:\/\/biojam.pt\/en\/author\/eduardo\/\"}]}<\/script>\n<!-- \/ Yoast SEO plugin. -->","yoast_head_json":{"title":"TVI24 - Carlos Monteiro sobre Testes r\u00e1pidos Saliva Ag COVID-19 - Biojam Holding Group","robots":{"index":"index","follow":"follow","max-snippet":"max-snippet:-1","max-image-preview":"max-image-preview:large","max-video-preview":"max-video-preview:-1"},"canonical":"https:\/\/biojam.pt\/en\/2021\/01\/18\/tvi24-carlos-monteiro-testes-rapidos-saliva\/","og_locale":"en_GB","og_type":"article","og_title":"TVI24 - Carlos Monteiro sobre Testes r\u00e1pidos Saliva Ag COVID-19 - Biojam Holding Group","og_description":"Testes r\u00e1pidos Saliva permite detetar diretamente a presen\u00e7a de prote\u00ednas do v\u00edrus, preenchendo assim uma lacuna de diagn\u00f3stico r\u00e1pido na fase inicial da infe\u00e7\u00e3o e que ocorria com os testes serol\u00f3gicos de Anticorpos IgG e IgM, j\u00e1 que este teste disp\u00f5e de uma janela de dete\u00e7\u00e3o similar \u00e0 dos testes PCR. Este teste permite detetar...","og_url":"https:\/\/biojam.pt\/en\/2021\/01\/18\/tvi24-carlos-monteiro-testes-rapidos-saliva\/","og_site_name":"Biojam Holding Group","article_publisher":"https:\/\/www.facebook.com\/biojamholding","article_published_time":"2021-01-18T15:13:33+00:00","article_modified_time":"2023-09-29T10:26:21+00:00","og_image":[{"width":768,"height":432,"url":"https:\/\/biojam.pt\/wp-content\/uploads\/2021\/01\/tvi24-testes-rapidos-saliva-covid19-carlos-monteiro-20210116-.jpg","type":"image\/jpeg"}],"author":"eduardo","twitter_card":"summary_large_image","twitter_misc":{"Written by":"eduardo","Estimated reading time":"1 minute"},"schema":{"@context":"https:\/\/schema.org","@graph":[{"@type":"Article","@id":"https:\/\/biojam.pt\/2021\/01\/18\/tvi24-carlos-monteiro-testes-rapidos-saliva\/#article","isPartOf":{"@id":"https:\/\/biojam.pt\/2021\/01\/18\/tvi24-carlos-monteiro-testes-rapidos-saliva\/"},"author":{"name":"eduardo","@id":"https:\/\/biojam.pt\/#\/schema\/person\/a0cc565cc11775f3e7cb4f5e4ca5e717"},"headline":"TVI24 &#8211; Carlos Monteiro sobre Testes r\u00e1pidos Saliva Ag COVID-19","datePublished":"2021-01-18T15:13:33+00:00","dateModified":"2023-09-29T10:26:21+00:00","mainEntityOfPage":{"@id":"https:\/\/biojam.pt\/2021\/01\/18\/tvi24-carlos-monteiro-testes-rapidos-saliva\/"},"wordCount":142,"publisher":{"@id":"https:\/\/biojam.pt\/#organization"},"image":{"@id":"https:\/\/biojam.pt\/2021\/01\/18\/tvi24-carlos-monteiro-testes-rapidos-saliva\/#primaryimage"},"thumbnailUrl":"https:\/\/biojam.pt\/wp-content\/uploads\/2021\/01\/tvi24-testes-rapidos-saliva-covid19-carlos-monteiro-20210116-.jpg","keywords":["Biojam Holding Group","Teste Covid19","testes covid-19 saliva","tvi24"],"articleSection":["Noticias externas"],"inLanguage":"en-GB"},{"@type":"WebPage","@id":"https:\/\/biojam.pt\/2021\/01\/18\/tvi24-carlos-monteiro-testes-rapidos-saliva\/","url":"https:\/\/biojam.pt\/2021\/01\/18\/tvi24-carlos-monteiro-testes-rapidos-saliva\/","name":"TVI24 - Carlos Monteiro sobre Testes r\u00e1pidos Saliva Ag COVID-19 - Biojam Holding Group","isPartOf":{"@id":"https:\/\/biojam.pt\/#website"},"primaryImageOfPage":{"@id":"https:\/\/biojam.pt\/2021\/01\/18\/tvi24-carlos-monteiro-testes-rapidos-saliva\/#primaryimage"},"image":{"@id":"https:\/\/biojam.pt\/2021\/01\/18\/tvi24-carlos-monteiro-testes-rapidos-saliva\/#primaryimage"},"thumbnailUrl":"https:\/\/biojam.pt\/wp-content\/uploads\/2021\/01\/tvi24-testes-rapidos-saliva-covid19-carlos-monteiro-20210116-.jpg","datePublished":"2021-01-18T15:13:33+00:00","dateModified":"2023-09-29T10:26:21+00:00","breadcrumb":{"@id":"https:\/\/biojam.pt\/2021\/01\/18\/tvi24-carlos-monteiro-testes-rapidos-saliva\/#breadcrumb"},"inLanguage":"en-GB","potentialAction":[{"@type":"ReadAction","target":["https:\/\/biojam.pt\/2021\/01\/18\/tvi24-carlos-monteiro-testes-rapidos-saliva\/"]}]},{"@type":"ImageObject","inLanguage":"en-GB","@id":"https:\/\/biojam.pt\/2021\/01\/18\/tvi24-carlos-monteiro-testes-rapidos-saliva\/#primaryimage","url":"https:\/\/biojam.pt\/wp-content\/uploads\/2021\/01\/tvi24-testes-rapidos-saliva-covid19-carlos-monteiro-20210116-.jpg","contentUrl":"https:\/\/biojam.pt\/wp-content\/uploads\/2021\/01\/tvi24-testes-rapidos-saliva-covid19-carlos-monteiro-20210116-.jpg","width":768,"height":432,"caption":"tvi24-testes-rapidos-saliva-covid19-carlos-monteiro-20210116-"},{"@type":"BreadcrumbList","@id":"https:\/\/biojam.pt\/2021\/01\/18\/tvi24-carlos-monteiro-testes-rapidos-saliva\/#breadcrumb","itemListElement":[{"@type":"ListItem","position":1,"name":"In\u00edcio","item":"https:\/\/biojam.pt\/"},{"@type":"ListItem","position":2,"name":"TVI24 &#8211; Carlos Monteiro sobre Testes r\u00e1pidos Saliva Ag COVID-19"}]},{"@type":"WebSite","@id":"https:\/\/biojam.pt\/#website","url":"https:\/\/biojam.pt\/","name":"Biojam Holding Group","description":"Empresa farmac\u00eautica de refer\u00eancia na Pen\u00ednsula Ib\u00e9rica.","publisher":{"@id":"https:\/\/biojam.pt\/#organization"},"potentialAction":[{"@type":"SearchAction","target":{"@type":"EntryPoint","urlTemplate":"https:\/\/biojam.pt\/?s={search_term_string}"},"query-input":"required name=search_term_string"}],"inLanguage":"en-GB"},{"@type":"Organization","@id":"https:\/\/biojam.pt\/#organization","name":"Biojam Holding Group","url":"https:\/\/biojam.pt\/","logo":{"@type":"ImageObject","inLanguage":"en-GB","@id":"https:\/\/biojam.pt\/#\/schema\/logo\/image\/","url":"https:\/\/biojam.pt\/wp-content\/uploads\/2022\/05\/logotipo-biojam-L500px-02.png","contentUrl":"https:\/\/biojam.pt\/wp-content\/uploads\/2022\/05\/logotipo-biojam-L500px-02.png","width":501,"height":199,"caption":"Biojam Holding Group"},"image":{"@id":"https:\/\/biojam.pt\/#\/schema\/logo\/image\/"},"sameAs":["https:\/\/www.facebook.com\/biojamholding"]},{"@type":"Person","@id":"https:\/\/biojam.pt\/#\/schema\/person\/a0cc565cc11775f3e7cb4f5e4ca5e717","name":"eduardo","image":{"@type":"ImageObject","inLanguage":"en-GB","@id":"https:\/\/biojam.pt\/#\/schema\/person\/image\/","url":"https:\/\/secure.gravatar.com\/avatar\/765b26d69b26c109be48048709416b7bea566a6e3adf19063550b3d86f47c4b0?s=96&d=mm&r=g","contentUrl":"https:\/\/secure.gravatar.com\/avatar\/765b26d69b26c109be48048709416b7bea566a6e3adf19063550b3d86f47c4b0?s=96&d=mm&r=g","caption":"eduardo"},"url":"https:\/\/biojam.pt\/en\/author\/eduardo\/"}]}},"_links":{"self":[{"href":"https:\/\/biojam.pt\/en\/wp-json\/wp\/v2\/posts\/2502","targetHints":{"allow":["GET"]}}],"collection":[{"href":"https:\/\/biojam.pt\/en\/wp-json\/wp\/v2\/posts"}],"about":[{"href":"https:\/\/biojam.pt\/en\/wp-json\/wp\/v2\/types\/post"}],"author":[{"embeddable":true,"href":"https:\/\/biojam.pt\/en\/wp-json\/wp\/v2\/users\/2"}],"replies":[{"embeddable":true,"href":"https:\/\/biojam.pt\/en\/wp-json\/wp\/v2\/comments?post=2502"}],"version-history":[{"count":1,"href":"https:\/\/biojam.pt\/en\/wp-json\/wp\/v2\/posts\/2502\/revisions"}],"predecessor-version":[{"id":4307,"href":"https:\/\/biojam.pt\/en\/wp-json\/wp\/v2\/posts\/2502\/revisions\/4307"}],"wp:featuredmedia":[{"embeddable":true,"href":"https:\/\/biojam.pt\/en\/wp-json\/wp\/v2\/media\/2503"}],"wp:attachment":[{"href":"https:\/\/biojam.pt\/en\/wp-json\/wp\/v2\/media?parent=2502"}],"wp:term":[{"taxonomy":"category","embeddable":true,"href":"https:\/\/biojam.pt\/en\/wp-json\/wp\/v2\/categories?post=2502"},{"taxonomy":"post_tag","embeddable":true,"href":"https:\/\/biojam.pt\/en\/wp-json\/wp\/v2\/tags?post=2502"}],"curies":[{"name":"wp","href":"https:\/\/api.w.org\/{rel}","templated":true}]}}