{"id":3785,"date":"2021-11-16T08:56:52","date_gmt":"2021-11-16T08:56:52","guid":{"rendered":"https:\/\/biojam.pt\/?p=3785"},"modified":"2023-09-29T10:26:18","modified_gmt":"2023-09-29T10:26:18","slug":"duas-geracoes-e-duas-visoes-um-unico-proposito-sem-nunca-desvirtuar-a-nossa-genese-e-os-valores","status":"publish","type":"post","link":"https:\/\/biojam.pt\/en\/2021\/11\/16\/duas-geracoes-e-duas-visoes-um-unico-proposito-sem-nunca-desvirtuar-a-nossa-genese-e-os-valores\/","title":{"rendered":"Two generations and two visions. A single purpose without ever distorting our genesis and values"},"content":{"rendered":"<figure class=\"wp-block-gallery columns-1 is-cropped wp-block-gallery-1 is-layout-flex wp-block-gallery-is-layout-flex\"><ul class=\"blocks-gallery-grid\"><li class=\"blocks-gallery-item\"><figure><img decoding=\"async\" src=\"https:\/\/biojam.pt\/wp-content\/uploads\/2021\/11\/RBP-Novembro-2021-724x1024.jpg\" alt=\"\" data-id=\"3787\" data-full-url=\"https:\/\/biojam.pt\/wp-content\/uploads\/2021\/11\/RBP-Novembro-2021.jpg\" data-link=\"https:\/\/biojam.pt\/?attachment_id=3787\" class=\"wp-image-3787\"\/><\/figure><\/li><li class=\"blocks-gallery-item\"><figure><img decoding=\"async\" src=\"https:\/\/biojam.pt\/wp-content\/uploads\/2021\/11\/RBP-Novembro-2021_1-724x1024.jpg\" alt=\"\" data-id=\"3788\" data-full-url=\"https:\/\/biojam.pt\/wp-content\/uploads\/2021\/11\/RBP-Novembro-2021_1.jpg\" data-link=\"https:\/\/biojam.pt\/?attachment_id=3788\" class=\"wp-image-3788\"\/><\/figure><\/li><li class=\"blocks-gallery-item\"><figure><img decoding=\"async\" src=\"https:\/\/biojam.pt\/wp-content\/uploads\/2021\/11\/RBP-Novembro-2021_2-724x1024.jpg\" alt=\"\" data-id=\"3789\" data-full-url=\"https:\/\/biojam.pt\/wp-content\/uploads\/2021\/11\/RBP-Novembro-2021_2.jpg\" data-link=\"https:\/\/biojam.pt\/?attachment_id=3789\" class=\"wp-image-3789\"\/><\/figure><\/li><li class=\"blocks-gallery-item\"><figure><img decoding=\"async\" src=\"https:\/\/biojam.pt\/wp-content\/uploads\/2021\/11\/RBP-Novembro-2021_3-724x1024.jpg\" alt=\"\" data-id=\"3790\" data-full-url=\"https:\/\/biojam.pt\/wp-content\/uploads\/2021\/11\/RBP-Novembro-2021_3.jpg\" data-link=\"https:\/\/biojam.pt\/?attachment_id=3790\" class=\"wp-image-3790\"\/><\/figure><\/li><li class=\"blocks-gallery-item\"><figure><img decoding=\"async\" src=\"https:\/\/biojam.pt\/wp-content\/uploads\/2021\/11\/RBP-Novembro-2021_4-724x1024.jpg\" alt=\"\" data-id=\"3791\" data-full-url=\"https:\/\/biojam.pt\/wp-content\/uploads\/2021\/11\/RBP-Novembro-2021_4.jpg\" data-link=\"https:\/\/biojam.pt\/?attachment_id=3791\" class=\"wp-image-3791\"\/><\/figure><\/li><\/ul><\/figure>","protected":false},"excerpt":{"rendered":"","protected":false},"author":2,"featured_media":3786,"comment_status":"closed","ping_status":"open","sticky":false,"template":"","format":"standard","meta":{"inline_featured_image":false,"footnotes":""},"categories":[22],"tags":[],"class_list":["post-3785","post","type-post","status-publish","format-standard","has-post-thumbnail","hentry","category-noticias-externas"],"yoast_head":"<!-- This site is optimized with the Yoast SEO plugin v22.7 - https:\/\/yoast.com\/wordpress\/plugins\/seo\/ -->\n<title>Duas gera\u00e7\u00f5es e duas vis\u00f5es. Um \u00fanico prop\u00f3sito sem nunca desvirtuar a nossa g\u00e9nese e os valores - Biojam Holding Group<\/title>\n<meta name=\"robots\" content=\"index, follow, max-snippet:-1, max-image-preview:large, max-video-preview:-1\" \/>\n<link rel=\"canonical\" href=\"https:\/\/biojam.pt\/en\/2021\/11\/16\/duas-geracoes-e-duas-visoes-um-unico-proposito-sem-nunca-desvirtuar-a-nossa-genese-e-os-valores\/\" \/>\n<meta property=\"og:locale\" content=\"en_GB\" \/>\n<meta property=\"og:type\" content=\"article\" \/>\n<meta property=\"og:title\" content=\"Duas gera\u00e7\u00f5es e duas vis\u00f5es. Um \u00fanico prop\u00f3sito sem nunca desvirtuar a nossa g\u00e9nese e os valores - Biojam Holding Group\" \/>\n<meta property=\"og:url\" content=\"https:\/\/biojam.pt\/en\/2021\/11\/16\/duas-geracoes-e-duas-visoes-um-unico-proposito-sem-nunca-desvirtuar-a-nossa-genese-e-os-valores\/\" \/>\n<meta property=\"og:site_name\" content=\"Biojam Holding Group\" \/>\n<meta property=\"article:publisher\" content=\"https:\/\/www.facebook.com\/biojamholding\" \/>\n<meta property=\"article:published_time\" content=\"2021-11-16T08:56:52+00:00\" \/>\n<meta property=\"article:modified_time\" content=\"2023-09-29T10:26:18+00:00\" \/>\n<meta property=\"og:image\" content=\"https:\/\/biojam.pt\/wp-content\/uploads\/2021\/11\/carlos-monteiro-agusto-costa-biojam-holding-group-revista-business.jpg\" \/>\n\t<meta property=\"og:image:width\" content=\"768\" \/>\n\t<meta property=\"og:image:height\" content=\"432\" \/>\n\t<meta property=\"og:image:type\" content=\"image\/jpeg\" \/>\n<meta name=\"author\" content=\"eduardo\" \/>\n<meta name=\"twitter:card\" content=\"summary_large_image\" \/>\n<meta name=\"twitter:label1\" content=\"Written by\" \/>\n\t<meta name=\"twitter:data1\" content=\"eduardo\" \/>\n<script type=\"application\/ld+json\" class=\"yoast-schema-graph\">{\"@context\":\"https:\/\/schema.org\",\"@graph\":[{\"@type\":\"Article\",\"@id\":\"https:\/\/biojam.pt\/2021\/11\/16\/duas-geracoes-e-duas-visoes-um-unico-proposito-sem-nunca-desvirtuar-a-nossa-genese-e-os-valores\/#article\",\"isPartOf\":{\"@id\":\"https:\/\/biojam.pt\/2021\/11\/16\/duas-geracoes-e-duas-visoes-um-unico-proposito-sem-nunca-desvirtuar-a-nossa-genese-e-os-valores\/\"},\"author\":{\"name\":\"eduardo\",\"@id\":\"https:\/\/biojam.pt\/#\/schema\/person\/a0cc565cc11775f3e7cb4f5e4ca5e717\"},\"headline\":\"Duas gera\u00e7\u00f5es e duas vis\u00f5es. Um \u00fanico prop\u00f3sito sem nunca desvirtuar a nossa g\u00e9nese e os valores\",\"datePublished\":\"2021-11-16T08:56:52+00:00\",\"dateModified\":\"2023-09-29T10:26:18+00:00\",\"mainEntityOfPage\":{\"@id\":\"https:\/\/biojam.pt\/2021\/11\/16\/duas-geracoes-e-duas-visoes-um-unico-proposito-sem-nunca-desvirtuar-a-nossa-genese-e-os-valores\/\"},\"wordCount\":21,\"publisher\":{\"@id\":\"https:\/\/biojam.pt\/#organization\"},\"image\":{\"@id\":\"https:\/\/biojam.pt\/2021\/11\/16\/duas-geracoes-e-duas-visoes-um-unico-proposito-sem-nunca-desvirtuar-a-nossa-genese-e-os-valores\/#primaryimage\"},\"thumbnailUrl\":\"https:\/\/biojam.pt\/wp-content\/uploads\/2021\/11\/carlos-monteiro-agusto-costa-biojam-holding-group-revista-business.jpg\",\"articleSection\":[\"Noticias externas\"],\"inLanguage\":\"en-GB\"},{\"@type\":\"WebPage\",\"@id\":\"https:\/\/biojam.pt\/2021\/11\/16\/duas-geracoes-e-duas-visoes-um-unico-proposito-sem-nunca-desvirtuar-a-nossa-genese-e-os-valores\/\",\"url\":\"https:\/\/biojam.pt\/2021\/11\/16\/duas-geracoes-e-duas-visoes-um-unico-proposito-sem-nunca-desvirtuar-a-nossa-genese-e-os-valores\/\",\"name\":\"Duas gera\u00e7\u00f5es e duas vis\u00f5es. Um \u00fanico prop\u00f3sito sem nunca desvirtuar a nossa g\u00e9nese e os valores - Biojam Holding Group\",\"isPartOf\":{\"@id\":\"https:\/\/biojam.pt\/#website\"},\"primaryImageOfPage\":{\"@id\":\"https:\/\/biojam.pt\/2021\/11\/16\/duas-geracoes-e-duas-visoes-um-unico-proposito-sem-nunca-desvirtuar-a-nossa-genese-e-os-valores\/#primaryimage\"},\"image\":{\"@id\":\"https:\/\/biojam.pt\/2021\/11\/16\/duas-geracoes-e-duas-visoes-um-unico-proposito-sem-nunca-desvirtuar-a-nossa-genese-e-os-valores\/#primaryimage\"},\"thumbnailUrl\":\"https:\/\/biojam.pt\/wp-content\/uploads\/2021\/11\/carlos-monteiro-agusto-costa-biojam-holding-group-revista-business.jpg\",\"datePublished\":\"2021-11-16T08:56:52+00:00\",\"dateModified\":\"2023-09-29T10:26:18+00:00\",\"breadcrumb\":{\"@id\":\"https:\/\/biojam.pt\/2021\/11\/16\/duas-geracoes-e-duas-visoes-um-unico-proposito-sem-nunca-desvirtuar-a-nossa-genese-e-os-valores\/#breadcrumb\"},\"inLanguage\":\"en-GB\",\"potentialAction\":[{\"@type\":\"ReadAction\",\"target\":[\"https:\/\/biojam.pt\/2021\/11\/16\/duas-geracoes-e-duas-visoes-um-unico-proposito-sem-nunca-desvirtuar-a-nossa-genese-e-os-valores\/\"]}]},{\"@type\":\"ImageObject\",\"inLanguage\":\"en-GB\",\"@id\":\"https:\/\/biojam.pt\/2021\/11\/16\/duas-geracoes-e-duas-visoes-um-unico-proposito-sem-nunca-desvirtuar-a-nossa-genese-e-os-valores\/#primaryimage\",\"url\":\"https:\/\/biojam.pt\/wp-content\/uploads\/2021\/11\/carlos-monteiro-agusto-costa-biojam-holding-group-revista-business.jpg\",\"contentUrl\":\"https:\/\/biojam.pt\/wp-content\/uploads\/2021\/11\/carlos-monteiro-agusto-costa-biojam-holding-group-revista-business.jpg\",\"width\":768,\"height\":432,\"caption\":\"carlos-monteiro-agusto-costa-biojam-holding-group-revista-business\"},{\"@type\":\"BreadcrumbList\",\"@id\":\"https:\/\/biojam.pt\/2021\/11\/16\/duas-geracoes-e-duas-visoes-um-unico-proposito-sem-nunca-desvirtuar-a-nossa-genese-e-os-valores\/#breadcrumb\",\"itemListElement\":[{\"@type\":\"ListItem\",\"position\":1,\"name\":\"In\u00edcio\",\"item\":\"https:\/\/biojam.pt\/\"},{\"@type\":\"ListItem\",\"position\":2,\"name\":\"Duas gera\u00e7\u00f5es e duas vis\u00f5es. Um \u00fanico prop\u00f3sito sem nunca desvirtuar a nossa g\u00e9nese e os valores\"}]},{\"@type\":\"WebSite\",\"@id\":\"https:\/\/biojam.pt\/#website\",\"url\":\"https:\/\/biojam.pt\/\",\"name\":\"Biojam Holding Group\",\"description\":\"Empresa farmac\u00eautica de refer\u00eancia na Pen\u00ednsula Ib\u00e9rica.\",\"publisher\":{\"@id\":\"https:\/\/biojam.pt\/#organization\"},\"potentialAction\":[{\"@type\":\"SearchAction\",\"target\":{\"@type\":\"EntryPoint\",\"urlTemplate\":\"https:\/\/biojam.pt\/?s={search_term_string}\"},\"query-input\":\"required name=search_term_string\"}],\"inLanguage\":\"en-GB\"},{\"@type\":\"Organization\",\"@id\":\"https:\/\/biojam.pt\/#organization\",\"name\":\"Biojam Holding Group\",\"url\":\"https:\/\/biojam.pt\/\",\"logo\":{\"@type\":\"ImageObject\",\"inLanguage\":\"en-GB\",\"@id\":\"https:\/\/biojam.pt\/#\/schema\/logo\/image\/\",\"url\":\"https:\/\/biojam.pt\/wp-content\/uploads\/2022\/05\/logotipo-biojam-L500px-02.png\",\"contentUrl\":\"https:\/\/biojam.pt\/wp-content\/uploads\/2022\/05\/logotipo-biojam-L500px-02.png\",\"width\":501,\"height\":199,\"caption\":\"Biojam Holding Group\"},\"image\":{\"@id\":\"https:\/\/biojam.pt\/#\/schema\/logo\/image\/\"},\"sameAs\":[\"https:\/\/www.facebook.com\/biojamholding\"]},{\"@type\":\"Person\",\"@id\":\"https:\/\/biojam.pt\/#\/schema\/person\/a0cc565cc11775f3e7cb4f5e4ca5e717\",\"name\":\"eduardo\",\"image\":{\"@type\":\"ImageObject\",\"inLanguage\":\"en-GB\",\"@id\":\"https:\/\/biojam.pt\/#\/schema\/person\/image\/\",\"url\":\"https:\/\/secure.gravatar.com\/avatar\/765b26d69b26c109be48048709416b7bea566a6e3adf19063550b3d86f47c4b0?s=96&d=mm&r=g\",\"contentUrl\":\"https:\/\/secure.gravatar.com\/avatar\/765b26d69b26c109be48048709416b7bea566a6e3adf19063550b3d86f47c4b0?s=96&d=mm&r=g\",\"caption\":\"eduardo\"},\"url\":\"https:\/\/biojam.pt\/en\/author\/eduardo\/\"}]}<\/script>\n<!-- \/ Yoast SEO plugin. -->","yoast_head_json":{"title":"Duas gera\u00e7\u00f5es e duas vis\u00f5es. Um \u00fanico prop\u00f3sito sem nunca desvirtuar a nossa g\u00e9nese e os valores - Biojam Holding Group","robots":{"index":"index","follow":"follow","max-snippet":"max-snippet:-1","max-image-preview":"max-image-preview:large","max-video-preview":"max-video-preview:-1"},"canonical":"https:\/\/biojam.pt\/en\/2021\/11\/16\/duas-geracoes-e-duas-visoes-um-unico-proposito-sem-nunca-desvirtuar-a-nossa-genese-e-os-valores\/","og_locale":"en_GB","og_type":"article","og_title":"Duas gera\u00e7\u00f5es e duas vis\u00f5es. Um \u00fanico prop\u00f3sito sem nunca desvirtuar a nossa g\u00e9nese e os valores - Biojam Holding Group","og_url":"https:\/\/biojam.pt\/en\/2021\/11\/16\/duas-geracoes-e-duas-visoes-um-unico-proposito-sem-nunca-desvirtuar-a-nossa-genese-e-os-valores\/","og_site_name":"Biojam Holding Group","article_publisher":"https:\/\/www.facebook.com\/biojamholding","article_published_time":"2021-11-16T08:56:52+00:00","article_modified_time":"2023-09-29T10:26:18+00:00","og_image":[{"width":768,"height":432,"url":"https:\/\/biojam.pt\/wp-content\/uploads\/2021\/11\/carlos-monteiro-agusto-costa-biojam-holding-group-revista-business.jpg","type":"image\/jpeg"}],"author":"eduardo","twitter_card":"summary_large_image","twitter_misc":{"Written by":"eduardo"},"schema":{"@context":"https:\/\/schema.org","@graph":[{"@type":"Article","@id":"https:\/\/biojam.pt\/2021\/11\/16\/duas-geracoes-e-duas-visoes-um-unico-proposito-sem-nunca-desvirtuar-a-nossa-genese-e-os-valores\/#article","isPartOf":{"@id":"https:\/\/biojam.pt\/2021\/11\/16\/duas-geracoes-e-duas-visoes-um-unico-proposito-sem-nunca-desvirtuar-a-nossa-genese-e-os-valores\/"},"author":{"name":"eduardo","@id":"https:\/\/biojam.pt\/#\/schema\/person\/a0cc565cc11775f3e7cb4f5e4ca5e717"},"headline":"Duas gera\u00e7\u00f5es e duas vis\u00f5es. Um \u00fanico prop\u00f3sito sem nunca desvirtuar a nossa g\u00e9nese e os valores","datePublished":"2021-11-16T08:56:52+00:00","dateModified":"2023-09-29T10:26:18+00:00","mainEntityOfPage":{"@id":"https:\/\/biojam.pt\/2021\/11\/16\/duas-geracoes-e-duas-visoes-um-unico-proposito-sem-nunca-desvirtuar-a-nossa-genese-e-os-valores\/"},"wordCount":21,"publisher":{"@id":"https:\/\/biojam.pt\/#organization"},"image":{"@id":"https:\/\/biojam.pt\/2021\/11\/16\/duas-geracoes-e-duas-visoes-um-unico-proposito-sem-nunca-desvirtuar-a-nossa-genese-e-os-valores\/#primaryimage"},"thumbnailUrl":"https:\/\/biojam.pt\/wp-content\/uploads\/2021\/11\/carlos-monteiro-agusto-costa-biojam-holding-group-revista-business.jpg","articleSection":["Noticias externas"],"inLanguage":"en-GB"},{"@type":"WebPage","@id":"https:\/\/biojam.pt\/2021\/11\/16\/duas-geracoes-e-duas-visoes-um-unico-proposito-sem-nunca-desvirtuar-a-nossa-genese-e-os-valores\/","url":"https:\/\/biojam.pt\/2021\/11\/16\/duas-geracoes-e-duas-visoes-um-unico-proposito-sem-nunca-desvirtuar-a-nossa-genese-e-os-valores\/","name":"Duas gera\u00e7\u00f5es e duas vis\u00f5es. Um \u00fanico prop\u00f3sito sem nunca desvirtuar a nossa g\u00e9nese e os valores - Biojam Holding Group","isPartOf":{"@id":"https:\/\/biojam.pt\/#website"},"primaryImageOfPage":{"@id":"https:\/\/biojam.pt\/2021\/11\/16\/duas-geracoes-e-duas-visoes-um-unico-proposito-sem-nunca-desvirtuar-a-nossa-genese-e-os-valores\/#primaryimage"},"image":{"@id":"https:\/\/biojam.pt\/2021\/11\/16\/duas-geracoes-e-duas-visoes-um-unico-proposito-sem-nunca-desvirtuar-a-nossa-genese-e-os-valores\/#primaryimage"},"thumbnailUrl":"https:\/\/biojam.pt\/wp-content\/uploads\/2021\/11\/carlos-monteiro-agusto-costa-biojam-holding-group-revista-business.jpg","datePublished":"2021-11-16T08:56:52+00:00","dateModified":"2023-09-29T10:26:18+00:00","breadcrumb":{"@id":"https:\/\/biojam.pt\/2021\/11\/16\/duas-geracoes-e-duas-visoes-um-unico-proposito-sem-nunca-desvirtuar-a-nossa-genese-e-os-valores\/#breadcrumb"},"inLanguage":"en-GB","potentialAction":[{"@type":"ReadAction","target":["https:\/\/biojam.pt\/2021\/11\/16\/duas-geracoes-e-duas-visoes-um-unico-proposito-sem-nunca-desvirtuar-a-nossa-genese-e-os-valores\/"]}]},{"@type":"ImageObject","inLanguage":"en-GB","@id":"https:\/\/biojam.pt\/2021\/11\/16\/duas-geracoes-e-duas-visoes-um-unico-proposito-sem-nunca-desvirtuar-a-nossa-genese-e-os-valores\/#primaryimage","url":"https:\/\/biojam.pt\/wp-content\/uploads\/2021\/11\/carlos-monteiro-agusto-costa-biojam-holding-group-revista-business.jpg","contentUrl":"https:\/\/biojam.pt\/wp-content\/uploads\/2021\/11\/carlos-monteiro-agusto-costa-biojam-holding-group-revista-business.jpg","width":768,"height":432,"caption":"carlos-monteiro-agusto-costa-biojam-holding-group-revista-business"},{"@type":"BreadcrumbList","@id":"https:\/\/biojam.pt\/2021\/11\/16\/duas-geracoes-e-duas-visoes-um-unico-proposito-sem-nunca-desvirtuar-a-nossa-genese-e-os-valores\/#breadcrumb","itemListElement":[{"@type":"ListItem","position":1,"name":"In\u00edcio","item":"https:\/\/biojam.pt\/"},{"@type":"ListItem","position":2,"name":"Duas gera\u00e7\u00f5es e duas vis\u00f5es. Um \u00fanico prop\u00f3sito sem nunca desvirtuar a nossa g\u00e9nese e os valores"}]},{"@type":"WebSite","@id":"https:\/\/biojam.pt\/#website","url":"https:\/\/biojam.pt\/","name":"Biojam Holding Group","description":"Empresa farmac\u00eautica de refer\u00eancia na Pen\u00ednsula Ib\u00e9rica.","publisher":{"@id":"https:\/\/biojam.pt\/#organization"},"potentialAction":[{"@type":"SearchAction","target":{"@type":"EntryPoint","urlTemplate":"https:\/\/biojam.pt\/?s={search_term_string}"},"query-input":"required name=search_term_string"}],"inLanguage":"en-GB"},{"@type":"Organization","@id":"https:\/\/biojam.pt\/#organization","name":"Biojam Holding Group","url":"https:\/\/biojam.pt\/","logo":{"@type":"ImageObject","inLanguage":"en-GB","@id":"https:\/\/biojam.pt\/#\/schema\/logo\/image\/","url":"https:\/\/biojam.pt\/wp-content\/uploads\/2022\/05\/logotipo-biojam-L500px-02.png","contentUrl":"https:\/\/biojam.pt\/wp-content\/uploads\/2022\/05\/logotipo-biojam-L500px-02.png","width":501,"height":199,"caption":"Biojam Holding Group"},"image":{"@id":"https:\/\/biojam.pt\/#\/schema\/logo\/image\/"},"sameAs":["https:\/\/www.facebook.com\/biojamholding"]},{"@type":"Person","@id":"https:\/\/biojam.pt\/#\/schema\/person\/a0cc565cc11775f3e7cb4f5e4ca5e717","name":"eduardo","image":{"@type":"ImageObject","inLanguage":"en-GB","@id":"https:\/\/biojam.pt\/#\/schema\/person\/image\/","url":"https:\/\/secure.gravatar.com\/avatar\/765b26d69b26c109be48048709416b7bea566a6e3adf19063550b3d86f47c4b0?s=96&d=mm&r=g","contentUrl":"https:\/\/secure.gravatar.com\/avatar\/765b26d69b26c109be48048709416b7bea566a6e3adf19063550b3d86f47c4b0?s=96&d=mm&r=g","caption":"eduardo"},"url":"https:\/\/biojam.pt\/en\/author\/eduardo\/"}]}},"_links":{"self":[{"href":"https:\/\/biojam.pt\/en\/wp-json\/wp\/v2\/posts\/3785","targetHints":{"allow":["GET"]}}],"collection":[{"href":"https:\/\/biojam.pt\/en\/wp-json\/wp\/v2\/posts"}],"about":[{"href":"https:\/\/biojam.pt\/en\/wp-json\/wp\/v2\/types\/post"}],"author":[{"embeddable":true,"href":"https:\/\/biojam.pt\/en\/wp-json\/wp\/v2\/users\/2"}],"replies":[{"embeddable":true,"href":"https:\/\/biojam.pt\/en\/wp-json\/wp\/v2\/comments?post=3785"}],"version-history":[{"count":1,"href":"https:\/\/biojam.pt\/en\/wp-json\/wp\/v2\/posts\/3785\/revisions"}],"predecessor-version":[{"id":4299,"href":"https:\/\/biojam.pt\/en\/wp-json\/wp\/v2\/posts\/3785\/revisions\/4299"}],"wp:featuredmedia":[{"embeddable":true,"href":"https:\/\/biojam.pt\/en\/wp-json\/wp\/v2\/media\/3786"}],"wp:attachment":[{"href":"https:\/\/biojam.pt\/en\/wp-json\/wp\/v2\/media?parent=3785"}],"wp:term":[{"taxonomy":"category","embeddable":true,"href":"https:\/\/biojam.pt\/en\/wp-json\/wp\/v2\/categories?post=3785"},{"taxonomy":"post_tag","embeddable":true,"href":"https:\/\/biojam.pt\/en\/wp-json\/wp\/v2\/tags?post=3785"}],"curies":[{"name":"wp","href":"https:\/\/api.w.org\/{rel}","templated":true}]}}