{"id":3806,"date":"2021-12-06T15:25:58","date_gmt":"2021-12-06T15:25:58","guid":{"rendered":"https:\/\/biojam.pt\/?p=3806"},"modified":"2023-09-29T10:25:37","modified_gmt":"2023-09-29T10:25:37","slug":"entrevista-dra-claudia-porto-canal-dismenorreia","status":"publish","type":"post","link":"https:\/\/biojam.pt\/en\/2021\/12\/06\/entrevista-dra-claudia-porto-canal-dismenorreia\/","title":{"rendered":"Dysmenorrhoea: A Female Pain"},"content":{"rendered":"<p>Interview with Dr. Cl\u00e1udia Bernardo (Medical Director at Biojam) about Dysmenorrhea.<\/p>\n\n\n<p>Dysmenorrhea is a pain known as menstrual cramps, affecting about 75% of women of reproductive age.<\/p>\n\n\n<figure class=\"wp-block-embed is-type-video is-provider-youtube wp-block-embed-youtube wp-embed-aspect-16-9 wp-has-aspect-ratio\"><div class=\"wp-block-embed__wrapper\">\n<iframe loading=\"lazy\" title=\"Porto Canal - Entrevista Dra. Cl\u00e1udia Bernardo (Directora Dept. M\u00e9dico Biojam) sobre a Dismenorreia.\" width=\"1020\" height=\"574\" src=\"https:\/\/www.youtube.com\/embed\/m9f5pF9giOQ?feature=oembed\" frameborder=\"0\" allow=\"accelerometer; autoplay; clipboard-write; encrypted-media; gyroscope; picture-in-picture\" allowfullscreen><\/iframe>\n<\/div><\/figure>\n\n\n<h3 class=\"wp-block-heading\">Learn more about Gynopatch at <a href=\"http:\/\/www.gynopatch.pt\" target=\"_blank\" rel=\"noreferrer noopener\">www.gynopatch.pt<\/a><\/h3>\n\n\n<p>Acts at the center of pain. Painful periods.<\/p>\n\n\n<div class=\"wp-block-image\"><figure class=\"alignleft size-full is-resized\"><a href=\"\/en\/www.gynopatch.pt\/\" target=\"_blank\" rel=\"noopener\"><img loading=\"lazy\" decoding=\"async\" src=\"https:\/\/biojam.pt\/wp-content\/uploads\/2021\/12\/gynopatch-banner-001.jpg\" alt=\"Gynopatch\" class=\"wp-image-3808\" width=\"838\" height=\"471\" srcset=\"https:\/\/biojam.pt\/wp-content\/uploads\/2021\/12\/gynopatch-banner-001.jpg 768w, https:\/\/biojam.pt\/wp-content\/uploads\/2021\/12\/gynopatch-banner-001-711x400.jpg 711w, https:\/\/biojam.pt\/wp-content\/uploads\/2021\/12\/gynopatch-banner-001-600x338.jpg 600w\" sizes=\"auto, (max-width: 838px) 100vw, 838px\" \/><\/a><\/figure><\/div>","protected":false},"excerpt":{"rendered":"<p>Entrevista Dra. Cl\u00e1udia Bernardo (Directora Dept. M\u00e9dico Biojam) sobre a Dismenorreia. A Dismenorreia \u00e9 uma dor conhecida como c\u00f3lica menstrual, atinge cerca de 75% das mulheres em idade reprodutiva. Saiba mais sobre Gynopatch em www.gynopatch.pt Actua no centro da dor. Periodos dolorosos.<\/p>","protected":false},"author":2,"featured_media":3807,"comment_status":"closed","ping_status":"open","sticky":false,"template":"","format":"standard","meta":{"inline_featured_image":false,"footnotes":""},"categories":[22],"tags":[58,59,60,61,62,42],"class_list":["post-3806","post","type-post","status-publish","format-standard","has-post-thumbnail","hentry","category-noticias-externas","tag-claudia-bernardo","tag-colica-menstrual","tag-dismenorreia","tag-dores-menstruais","tag-mulheres","tag-porto-canal"],"yoast_head":"<!-- This site is optimized with the Yoast SEO plugin v22.7 - https:\/\/yoast.com\/wordpress\/plugins\/seo\/ -->\n<title>Dismenorreia: Uma dor no Feminino - Biojam Holding Group<\/title>\n<meta name=\"robots\" content=\"index, follow, max-snippet:-1, max-image-preview:large, max-video-preview:-1\" \/>\n<link rel=\"canonical\" href=\"https:\/\/biojam.pt\/en\/2021\/12\/06\/entrevista-dra-claudia-porto-canal-dismenorreia\/\" \/>\n<meta property=\"og:locale\" content=\"en_GB\" \/>\n<meta property=\"og:type\" content=\"article\" \/>\n<meta property=\"og:title\" content=\"Dismenorreia: Uma dor no Feminino - Biojam Holding Group\" \/>\n<meta property=\"og:description\" content=\"Entrevista Dra. Cl\u00e1udia Bernardo (Directora Dept. M\u00e9dico Biojam) sobre a Dismenorreia. A Dismenorreia \u00e9 uma dor conhecida como c\u00f3lica menstrual, atinge cerca de 75% das mulheres em idade reprodutiva. Saiba mais sobre Gynopatch em www.gynopatch.pt Actua no centro da dor. Periodos dolorosos.\" \/>\n<meta property=\"og:url\" content=\"https:\/\/biojam.pt\/en\/2021\/12\/06\/entrevista-dra-claudia-porto-canal-dismenorreia\/\" \/>\n<meta property=\"og:site_name\" content=\"Biojam Holding Group\" \/>\n<meta property=\"article:publisher\" content=\"https:\/\/www.facebook.com\/biojamholding\" \/>\n<meta property=\"article:published_time\" content=\"2021-12-06T15:25:58+00:00\" \/>\n<meta property=\"article:modified_time\" content=\"2023-09-29T10:25:37+00:00\" \/>\n<meta property=\"og:image\" content=\"https:\/\/biojam.pt\/wp-content\/uploads\/2021\/12\/biojam-holding-group-dra-claudia-bernardo-porto-canal-dismenorreia.jpg\" \/>\n\t<meta property=\"og:image:width\" content=\"768\" \/>\n\t<meta property=\"og:image:height\" content=\"432\" \/>\n\t<meta property=\"og:image:type\" content=\"image\/jpeg\" \/>\n<meta name=\"author\" content=\"eduardo\" \/>\n<meta name=\"twitter:card\" content=\"summary_large_image\" \/>\n<meta name=\"twitter:label1\" content=\"Written by\" \/>\n\t<meta name=\"twitter:data1\" content=\"eduardo\" \/>\n<script type=\"application\/ld+json\" class=\"yoast-schema-graph\">{\"@context\":\"https:\/\/schema.org\",\"@graph\":[{\"@type\":\"Article\",\"@id\":\"https:\/\/biojam.pt\/2021\/12\/06\/entrevista-dra-claudia-porto-canal-dismenorreia\/#article\",\"isPartOf\":{\"@id\":\"https:\/\/biojam.pt\/2021\/12\/06\/entrevista-dra-claudia-porto-canal-dismenorreia\/\"},\"author\":{\"name\":\"eduardo\",\"@id\":\"https:\/\/biojam.pt\/#\/schema\/person\/a0cc565cc11775f3e7cb4f5e4ca5e717\"},\"headline\":\"Dismenorreia: Uma dor no Feminino\",\"datePublished\":\"2021-12-06T15:25:58+00:00\",\"dateModified\":\"2023-09-29T10:25:37+00:00\",\"mainEntityOfPage\":{\"@id\":\"https:\/\/biojam.pt\/2021\/12\/06\/entrevista-dra-claudia-porto-canal-dismenorreia\/\"},\"wordCount\":60,\"publisher\":{\"@id\":\"https:\/\/biojam.pt\/#organization\"},\"image\":{\"@id\":\"https:\/\/biojam.pt\/2021\/12\/06\/entrevista-dra-claudia-porto-canal-dismenorreia\/#primaryimage\"},\"thumbnailUrl\":\"https:\/\/biojam.pt\/wp-content\/uploads\/2021\/12\/biojam-holding-group-dra-claudia-bernardo-porto-canal-dismenorreia.jpg\",\"keywords\":[\"Cla\u00fadia Bernardo\",\"C\u00f3lica menstrual\",\"Dismenorreia\",\"Dores menstruais\",\"Mulheres\",\"Porto Canal\"],\"articleSection\":[\"Noticias externas\"],\"inLanguage\":\"en-GB\"},{\"@type\":\"WebPage\",\"@id\":\"https:\/\/biojam.pt\/2021\/12\/06\/entrevista-dra-claudia-porto-canal-dismenorreia\/\",\"url\":\"https:\/\/biojam.pt\/2021\/12\/06\/entrevista-dra-claudia-porto-canal-dismenorreia\/\",\"name\":\"Dismenorreia: Uma dor no Feminino - Biojam Holding Group\",\"isPartOf\":{\"@id\":\"https:\/\/biojam.pt\/#website\"},\"primaryImageOfPage\":{\"@id\":\"https:\/\/biojam.pt\/2021\/12\/06\/entrevista-dra-claudia-porto-canal-dismenorreia\/#primaryimage\"},\"image\":{\"@id\":\"https:\/\/biojam.pt\/2021\/12\/06\/entrevista-dra-claudia-porto-canal-dismenorreia\/#primaryimage\"},\"thumbnailUrl\":\"https:\/\/biojam.pt\/wp-content\/uploads\/2021\/12\/biojam-holding-group-dra-claudia-bernardo-porto-canal-dismenorreia.jpg\",\"datePublished\":\"2021-12-06T15:25:58+00:00\",\"dateModified\":\"2023-09-29T10:25:37+00:00\",\"breadcrumb\":{\"@id\":\"https:\/\/biojam.pt\/2021\/12\/06\/entrevista-dra-claudia-porto-canal-dismenorreia\/#breadcrumb\"},\"inLanguage\":\"en-GB\",\"potentialAction\":[{\"@type\":\"ReadAction\",\"target\":[\"https:\/\/biojam.pt\/2021\/12\/06\/entrevista-dra-claudia-porto-canal-dismenorreia\/\"]}]},{\"@type\":\"ImageObject\",\"inLanguage\":\"en-GB\",\"@id\":\"https:\/\/biojam.pt\/2021\/12\/06\/entrevista-dra-claudia-porto-canal-dismenorreia\/#primaryimage\",\"url\":\"https:\/\/biojam.pt\/wp-content\/uploads\/2021\/12\/biojam-holding-group-dra-claudia-bernardo-porto-canal-dismenorreia.jpg\",\"contentUrl\":\"https:\/\/biojam.pt\/wp-content\/uploads\/2021\/12\/biojam-holding-group-dra-claudia-bernardo-porto-canal-dismenorreia.jpg\",\"width\":768,\"height\":432,\"caption\":\"biojam-holding-group-dra-claudia-bernardo-porto-canal-dismenorreia\"},{\"@type\":\"BreadcrumbList\",\"@id\":\"https:\/\/biojam.pt\/2021\/12\/06\/entrevista-dra-claudia-porto-canal-dismenorreia\/#breadcrumb\",\"itemListElement\":[{\"@type\":\"ListItem\",\"position\":1,\"name\":\"In\u00edcio\",\"item\":\"https:\/\/biojam.pt\/\"},{\"@type\":\"ListItem\",\"position\":2,\"name\":\"Dismenorreia: Uma dor no Feminino\"}]},{\"@type\":\"WebSite\",\"@id\":\"https:\/\/biojam.pt\/#website\",\"url\":\"https:\/\/biojam.pt\/\",\"name\":\"Biojam Holding Group\",\"description\":\"Empresa farmac\u00eautica de refer\u00eancia na Pen\u00ednsula Ib\u00e9rica.\",\"publisher\":{\"@id\":\"https:\/\/biojam.pt\/#organization\"},\"potentialAction\":[{\"@type\":\"SearchAction\",\"target\":{\"@type\":\"EntryPoint\",\"urlTemplate\":\"https:\/\/biojam.pt\/?s={search_term_string}\"},\"query-input\":\"required name=search_term_string\"}],\"inLanguage\":\"en-GB\"},{\"@type\":\"Organization\",\"@id\":\"https:\/\/biojam.pt\/#organization\",\"name\":\"Biojam Holding Group\",\"url\":\"https:\/\/biojam.pt\/\",\"logo\":{\"@type\":\"ImageObject\",\"inLanguage\":\"en-GB\",\"@id\":\"https:\/\/biojam.pt\/#\/schema\/logo\/image\/\",\"url\":\"https:\/\/biojam.pt\/wp-content\/uploads\/2022\/05\/logotipo-biojam-L500px-02.png\",\"contentUrl\":\"https:\/\/biojam.pt\/wp-content\/uploads\/2022\/05\/logotipo-biojam-L500px-02.png\",\"width\":501,\"height\":199,\"caption\":\"Biojam Holding Group\"},\"image\":{\"@id\":\"https:\/\/biojam.pt\/#\/schema\/logo\/image\/\"},\"sameAs\":[\"https:\/\/www.facebook.com\/biojamholding\"]},{\"@type\":\"Person\",\"@id\":\"https:\/\/biojam.pt\/#\/schema\/person\/a0cc565cc11775f3e7cb4f5e4ca5e717\",\"name\":\"eduardo\",\"image\":{\"@type\":\"ImageObject\",\"inLanguage\":\"en-GB\",\"@id\":\"https:\/\/biojam.pt\/#\/schema\/person\/image\/\",\"url\":\"https:\/\/secure.gravatar.com\/avatar\/765b26d69b26c109be48048709416b7bea566a6e3adf19063550b3d86f47c4b0?s=96&d=mm&r=g\",\"contentUrl\":\"https:\/\/secure.gravatar.com\/avatar\/765b26d69b26c109be48048709416b7bea566a6e3adf19063550b3d86f47c4b0?s=96&d=mm&r=g\",\"caption\":\"eduardo\"},\"url\":\"https:\/\/biojam.pt\/en\/author\/eduardo\/\"}]}<\/script>\n<!-- \/ Yoast SEO plugin. -->","yoast_head_json":{"title":"Dismenorreia: Uma dor no Feminino - Biojam Holding Group","robots":{"index":"index","follow":"follow","max-snippet":"max-snippet:-1","max-image-preview":"max-image-preview:large","max-video-preview":"max-video-preview:-1"},"canonical":"https:\/\/biojam.pt\/en\/2021\/12\/06\/entrevista-dra-claudia-porto-canal-dismenorreia\/","og_locale":"en_GB","og_type":"article","og_title":"Dismenorreia: Uma dor no Feminino - Biojam Holding Group","og_description":"Entrevista Dra. Cl\u00e1udia Bernardo (Directora Dept. M\u00e9dico Biojam) sobre a Dismenorreia. A Dismenorreia \u00e9 uma dor conhecida como c\u00f3lica menstrual, atinge cerca de 75% das mulheres em idade reprodutiva. Saiba mais sobre Gynopatch em www.gynopatch.pt Actua no centro da dor. Periodos dolorosos.","og_url":"https:\/\/biojam.pt\/en\/2021\/12\/06\/entrevista-dra-claudia-porto-canal-dismenorreia\/","og_site_name":"Biojam Holding Group","article_publisher":"https:\/\/www.facebook.com\/biojamholding","article_published_time":"2021-12-06T15:25:58+00:00","article_modified_time":"2023-09-29T10:25:37+00:00","og_image":[{"width":768,"height":432,"url":"https:\/\/biojam.pt\/wp-content\/uploads\/2021\/12\/biojam-holding-group-dra-claudia-bernardo-porto-canal-dismenorreia.jpg","type":"image\/jpeg"}],"author":"eduardo","twitter_card":"summary_large_image","twitter_misc":{"Written by":"eduardo"},"schema":{"@context":"https:\/\/schema.org","@graph":[{"@type":"Article","@id":"https:\/\/biojam.pt\/2021\/12\/06\/entrevista-dra-claudia-porto-canal-dismenorreia\/#article","isPartOf":{"@id":"https:\/\/biojam.pt\/2021\/12\/06\/entrevista-dra-claudia-porto-canal-dismenorreia\/"},"author":{"name":"eduardo","@id":"https:\/\/biojam.pt\/#\/schema\/person\/a0cc565cc11775f3e7cb4f5e4ca5e717"},"headline":"Dismenorreia: Uma dor no Feminino","datePublished":"2021-12-06T15:25:58+00:00","dateModified":"2023-09-29T10:25:37+00:00","mainEntityOfPage":{"@id":"https:\/\/biojam.pt\/2021\/12\/06\/entrevista-dra-claudia-porto-canal-dismenorreia\/"},"wordCount":60,"publisher":{"@id":"https:\/\/biojam.pt\/#organization"},"image":{"@id":"https:\/\/biojam.pt\/2021\/12\/06\/entrevista-dra-claudia-porto-canal-dismenorreia\/#primaryimage"},"thumbnailUrl":"https:\/\/biojam.pt\/wp-content\/uploads\/2021\/12\/biojam-holding-group-dra-claudia-bernardo-porto-canal-dismenorreia.jpg","keywords":["Cla\u00fadia Bernardo","C\u00f3lica menstrual","Dismenorreia","Dores menstruais","Mulheres","Porto Canal"],"articleSection":["Noticias externas"],"inLanguage":"en-GB"},{"@type":"WebPage","@id":"https:\/\/biojam.pt\/2021\/12\/06\/entrevista-dra-claudia-porto-canal-dismenorreia\/","url":"https:\/\/biojam.pt\/2021\/12\/06\/entrevista-dra-claudia-porto-canal-dismenorreia\/","name":"Dismenorreia: Uma dor no Feminino - Biojam Holding Group","isPartOf":{"@id":"https:\/\/biojam.pt\/#website"},"primaryImageOfPage":{"@id":"https:\/\/biojam.pt\/2021\/12\/06\/entrevista-dra-claudia-porto-canal-dismenorreia\/#primaryimage"},"image":{"@id":"https:\/\/biojam.pt\/2021\/12\/06\/entrevista-dra-claudia-porto-canal-dismenorreia\/#primaryimage"},"thumbnailUrl":"https:\/\/biojam.pt\/wp-content\/uploads\/2021\/12\/biojam-holding-group-dra-claudia-bernardo-porto-canal-dismenorreia.jpg","datePublished":"2021-12-06T15:25:58+00:00","dateModified":"2023-09-29T10:25:37+00:00","breadcrumb":{"@id":"https:\/\/biojam.pt\/2021\/12\/06\/entrevista-dra-claudia-porto-canal-dismenorreia\/#breadcrumb"},"inLanguage":"en-GB","potentialAction":[{"@type":"ReadAction","target":["https:\/\/biojam.pt\/2021\/12\/06\/entrevista-dra-claudia-porto-canal-dismenorreia\/"]}]},{"@type":"ImageObject","inLanguage":"en-GB","@id":"https:\/\/biojam.pt\/2021\/12\/06\/entrevista-dra-claudia-porto-canal-dismenorreia\/#primaryimage","url":"https:\/\/biojam.pt\/wp-content\/uploads\/2021\/12\/biojam-holding-group-dra-claudia-bernardo-porto-canal-dismenorreia.jpg","contentUrl":"https:\/\/biojam.pt\/wp-content\/uploads\/2021\/12\/biojam-holding-group-dra-claudia-bernardo-porto-canal-dismenorreia.jpg","width":768,"height":432,"caption":"biojam-holding-group-dra-claudia-bernardo-porto-canal-dismenorreia"},{"@type":"BreadcrumbList","@id":"https:\/\/biojam.pt\/2021\/12\/06\/entrevista-dra-claudia-porto-canal-dismenorreia\/#breadcrumb","itemListElement":[{"@type":"ListItem","position":1,"name":"In\u00edcio","item":"https:\/\/biojam.pt\/"},{"@type":"ListItem","position":2,"name":"Dismenorreia: Uma dor no Feminino"}]},{"@type":"WebSite","@id":"https:\/\/biojam.pt\/#website","url":"https:\/\/biojam.pt\/","name":"Biojam Holding Group","description":"Empresa farmac\u00eautica de refer\u00eancia na Pen\u00ednsula Ib\u00e9rica.","publisher":{"@id":"https:\/\/biojam.pt\/#organization"},"potentialAction":[{"@type":"SearchAction","target":{"@type":"EntryPoint","urlTemplate":"https:\/\/biojam.pt\/?s={search_term_string}"},"query-input":"required name=search_term_string"}],"inLanguage":"en-GB"},{"@type":"Organization","@id":"https:\/\/biojam.pt\/#organization","name":"Biojam Holding Group","url":"https:\/\/biojam.pt\/","logo":{"@type":"ImageObject","inLanguage":"en-GB","@id":"https:\/\/biojam.pt\/#\/schema\/logo\/image\/","url":"https:\/\/biojam.pt\/wp-content\/uploads\/2022\/05\/logotipo-biojam-L500px-02.png","contentUrl":"https:\/\/biojam.pt\/wp-content\/uploads\/2022\/05\/logotipo-biojam-L500px-02.png","width":501,"height":199,"caption":"Biojam Holding Group"},"image":{"@id":"https:\/\/biojam.pt\/#\/schema\/logo\/image\/"},"sameAs":["https:\/\/www.facebook.com\/biojamholding"]},{"@type":"Person","@id":"https:\/\/biojam.pt\/#\/schema\/person\/a0cc565cc11775f3e7cb4f5e4ca5e717","name":"eduardo","image":{"@type":"ImageObject","inLanguage":"en-GB","@id":"https:\/\/biojam.pt\/#\/schema\/person\/image\/","url":"https:\/\/secure.gravatar.com\/avatar\/765b26d69b26c109be48048709416b7bea566a6e3adf19063550b3d86f47c4b0?s=96&d=mm&r=g","contentUrl":"https:\/\/secure.gravatar.com\/avatar\/765b26d69b26c109be48048709416b7bea566a6e3adf19063550b3d86f47c4b0?s=96&d=mm&r=g","caption":"eduardo"},"url":"https:\/\/biojam.pt\/en\/author\/eduardo\/"}]}},"_links":{"self":[{"href":"https:\/\/biojam.pt\/en\/wp-json\/wp\/v2\/posts\/3806","targetHints":{"allow":["GET"]}}],"collection":[{"href":"https:\/\/biojam.pt\/en\/wp-json\/wp\/v2\/posts"}],"about":[{"href":"https:\/\/biojam.pt\/en\/wp-json\/wp\/v2\/types\/post"}],"author":[{"embeddable":true,"href":"https:\/\/biojam.pt\/en\/wp-json\/wp\/v2\/users\/2"}],"replies":[{"embeddable":true,"href":"https:\/\/biojam.pt\/en\/wp-json\/wp\/v2\/comments?post=3806"}],"version-history":[{"count":1,"href":"https:\/\/biojam.pt\/en\/wp-json\/wp\/v2\/posts\/3806\/revisions"}],"predecessor-version":[{"id":4298,"href":"https:\/\/biojam.pt\/en\/wp-json\/wp\/v2\/posts\/3806\/revisions\/4298"}],"wp:featuredmedia":[{"embeddable":true,"href":"https:\/\/biojam.pt\/en\/wp-json\/wp\/v2\/media\/3807"}],"wp:attachment":[{"href":"https:\/\/biojam.pt\/en\/wp-json\/wp\/v2\/media?parent=3806"}],"wp:term":[{"taxonomy":"category","embeddable":true,"href":"https:\/\/biojam.pt\/en\/wp-json\/wp\/v2\/categories?post=3806"},{"taxonomy":"post_tag","embeddable":true,"href":"https:\/\/biojam.pt\/en\/wp-json\/wp\/v2\/tags?post=3806"}],"curies":[{"name":"wp","href":"https:\/\/api.w.org\/{rel}","templated":true}]}}