{"id":3924,"date":"2022-01-21T14:40:43","date_gmt":"2022-01-21T14:40:43","guid":{"rendered":"https:\/\/biojam.pt\/?p=3924"},"modified":"2023-09-29T10:25:36","modified_gmt":"2023-09-29T10:25:36","slug":"entrevista-a-carlos-monteiro-a-pais-economico-sobre-a-sua-visao-e-expansao-do-grupo","status":"publish","type":"post","link":"https:\/\/biojam.pt\/en\/2022\/01\/21\/entrevista-a-carlos-monteiro-a-pais-economico-sobre-a-sua-visao-e-expansao-do-grupo\/","title":{"rendered":"Carlos Monteiro interviewed by Pa\u00eds Econ\u00f3mico about his vision and the group's expansion"},"content":{"rendered":"<p>After nearly two decades of work in three multinational pharmaceutical companies \u2013 French, German, and American \u2013 Carlos Jorge Monteiro decided to found Biojam, SA, initially with a partner who later pursued a different path. Subsequently, in 2015, the entrepreneur established the Biojam Holding Group.<\/p>\n\n\n<p>In a timely interview with PA\u00cdS\u20acCON\u00d3MICO, Carlos Monteiro, CEO of Biojam Holding Group, discussed the work carried out by Biojam during these challenging pandemic times, where it stood out primarily in the areas of antigen testing and the launch of a range of oral hygiene products specially dedicated to people with diabetes.<\/p>\n\n\n<p>\"Innovation is in Biojam's DNA, and we work every day to develop new products or solutions, and that, for us, is innovation, as happened in the paradigmatic case of the new solutions we implemented for Acute Lymphoblastic Leukemia, primarily targeted at children and young people.\"<\/p>\n\n\n<p>The success has been so impactful that Biojam is set to enter new international markets, such as Mexico, Colombia, and Chile in Latin America, as well as the Benelux countries \u2013 Belgium, the Netherlands, and Luxembourg. The entrepreneur believes that Portugal can play an important role in the international pharmaceutical industry, \"as we know how to do it so well, with quality and competitiveness, like any other nation,\" emphasizes Carlos Monteiro, who also points to a very substantial increase in Biojam's turnover in 2022.<\/p>\n\n\n<p>You can read the full interview in Pa\u00eds Econ\u00f3mico magazine.<\/p>\n\n\n<div class=\"wp-block-buttons is-layout-flex wp-block-buttons-is-layout-flex\">\n<div class=\"wp-block-button has-custom-width wp-block-button__width-100\"><a class=\"wp-block-button__link has-background\" href=\"https:\/\/biojam.pt\/wp-content\/uploads\/2022\/01\/Pais-Economico-Biojam.pdf\" style=\"background-color:#0071bc\" target=\"_blank\" rel=\"noreferrer noopener\">Full interview<\/a><\/div>\n<\/div>","protected":false},"excerpt":{"rendered":"<p>Depois de um percurso de quase duas d\u00e9cadas de trabalho em tr\u00eas multinacionais do sector farmac\u00eautico \u2013 francesa, alem\u00e3 e norte-americana \u2013 Carlos Jorge Monteiro decidiu fundar a Biojam, SA, na altura em conjunto com um s\u00f3cio, que mais tarde seguiu outro percurso, e o empres\u00e1rio criou ent\u00e3o em 2015 a Biojam Holding Group. Em&#8230;<\/p>","protected":false},"author":2,"featured_media":3925,"comment_status":"closed","ping_status":"open","sticky":false,"template":"","format":"standard","meta":{"inline_featured_image":false,"footnotes":""},"categories":[22],"tags":[54,33,67],"class_list":["post-3924","post","type-post","status-publish","format-standard","has-post-thumbnail","hentry","category-noticias-externas","tag-biojam","tag-biojam-holding-group","tag-pais-economico"],"yoast_head":"<!-- This site is optimized with the Yoast SEO plugin v22.7 - https:\/\/yoast.com\/wordpress\/plugins\/seo\/ -->\n<title>Entrevista a Carlos Monteiro \u00e0 Pa\u00eds Econ\u00f3mico sobre a sua vis\u00e3o e expans\u00e3o do grupo - Biojam Holding Group<\/title>\n<meta name=\"robots\" content=\"index, follow, max-snippet:-1, max-image-preview:large, max-video-preview:-1\" \/>\n<link rel=\"canonical\" href=\"https:\/\/biojam.pt\/en\/2022\/01\/21\/entrevista-a-carlos-monteiro-a-pais-economico-sobre-a-sua-visao-e-expansao-do-grupo\/\" \/>\n<meta property=\"og:locale\" content=\"en_GB\" \/>\n<meta property=\"og:type\" content=\"article\" \/>\n<meta property=\"og:title\" content=\"Entrevista a Carlos Monteiro \u00e0 Pa\u00eds Econ\u00f3mico sobre a sua vis\u00e3o e expans\u00e3o do grupo - Biojam Holding Group\" \/>\n<meta property=\"og:description\" content=\"Depois de um percurso de quase duas d\u00e9cadas de trabalho em tr\u00eas multinacionais do sector farmac\u00eautico \u2013 francesa, alem\u00e3 e norte-americana \u2013 Carlos Jorge Monteiro decidiu fundar a Biojam, SA, na altura em conjunto com um s\u00f3cio, que mais tarde seguiu outro percurso, e o empres\u00e1rio criou ent\u00e3o em 2015 a Biojam Holding Group. Em...\" \/>\n<meta property=\"og:url\" content=\"https:\/\/biojam.pt\/en\/2022\/01\/21\/entrevista-a-carlos-monteiro-a-pais-economico-sobre-a-sua-visao-e-expansao-do-grupo\/\" \/>\n<meta property=\"og:site_name\" content=\"Biojam Holding Group\" \/>\n<meta property=\"article:publisher\" content=\"https:\/\/www.facebook.com\/biojamholding\" \/>\n<meta property=\"article:published_time\" content=\"2022-01-21T14:40:43+00:00\" \/>\n<meta property=\"article:modified_time\" content=\"2023-09-29T10:25:36+00:00\" \/>\n<meta property=\"og:image\" content=\"https:\/\/biojam.pt\/wp-content\/uploads\/2022\/01\/Pais-Economico-Biojam-1-scaled-e1642776101200.jpg\" \/>\n\t<meta property=\"og:image:width\" content=\"1943\" \/>\n\t<meta property=\"og:image:height\" content=\"1401\" \/>\n\t<meta property=\"og:image:type\" content=\"image\/jpeg\" \/>\n<meta name=\"author\" content=\"eduardo\" \/>\n<meta name=\"twitter:card\" content=\"summary_large_image\" \/>\n<meta name=\"twitter:label1\" content=\"Written by\" \/>\n\t<meta name=\"twitter:data1\" content=\"eduardo\" \/>\n\t<meta name=\"twitter:label2\" content=\"Estimated reading time\" \/>\n\t<meta name=\"twitter:data2\" content=\"1 minute\" \/>\n<script type=\"application\/ld+json\" class=\"yoast-schema-graph\">{\"@context\":\"https:\/\/schema.org\",\"@graph\":[{\"@type\":\"Article\",\"@id\":\"https:\/\/biojam.pt\/2022\/01\/21\/entrevista-a-carlos-monteiro-a-pais-economico-sobre-a-sua-visao-e-expansao-do-grupo\/#article\",\"isPartOf\":{\"@id\":\"https:\/\/biojam.pt\/2022\/01\/21\/entrevista-a-carlos-monteiro-a-pais-economico-sobre-a-sua-visao-e-expansao-do-grupo\/\"},\"author\":{\"name\":\"eduardo\",\"@id\":\"https:\/\/biojam.pt\/#\/schema\/person\/a0cc565cc11775f3e7cb4f5e4ca5e717\"},\"headline\":\"Entrevista a Carlos Monteiro \u00e0 Pa\u00eds Econ\u00f3mico sobre a sua vis\u00e3o e expans\u00e3o do grupo\",\"datePublished\":\"2022-01-21T14:40:43+00:00\",\"dateModified\":\"2023-09-29T10:25:36+00:00\",\"mainEntityOfPage\":{\"@id\":\"https:\/\/biojam.pt\/2022\/01\/21\/entrevista-a-carlos-monteiro-a-pais-economico-sobre-a-sua-visao-e-expansao-do-grupo\/\"},\"wordCount\":299,\"publisher\":{\"@id\":\"https:\/\/biojam.pt\/#organization\"},\"image\":{\"@id\":\"https:\/\/biojam.pt\/2022\/01\/21\/entrevista-a-carlos-monteiro-a-pais-economico-sobre-a-sua-visao-e-expansao-do-grupo\/#primaryimage\"},\"thumbnailUrl\":\"https:\/\/biojam.pt\/wp-content\/uploads\/2022\/01\/Pais-Economico-Biojam-1-scaled-e1642776101200.jpg\",\"keywords\":[\"Biojam\",\"Biojam Holding Group\",\"Pa\u00eds Econ\u00f3mico\"],\"articleSection\":[\"Noticias externas\"],\"inLanguage\":\"en-GB\"},{\"@type\":\"WebPage\",\"@id\":\"https:\/\/biojam.pt\/2022\/01\/21\/entrevista-a-carlos-monteiro-a-pais-economico-sobre-a-sua-visao-e-expansao-do-grupo\/\",\"url\":\"https:\/\/biojam.pt\/2022\/01\/21\/entrevista-a-carlos-monteiro-a-pais-economico-sobre-a-sua-visao-e-expansao-do-grupo\/\",\"name\":\"Entrevista a Carlos Monteiro \u00e0 Pa\u00eds Econ\u00f3mico sobre a sua vis\u00e3o e expans\u00e3o do grupo - Biojam Holding Group\",\"isPartOf\":{\"@id\":\"https:\/\/biojam.pt\/#website\"},\"primaryImageOfPage\":{\"@id\":\"https:\/\/biojam.pt\/2022\/01\/21\/entrevista-a-carlos-monteiro-a-pais-economico-sobre-a-sua-visao-e-expansao-do-grupo\/#primaryimage\"},\"image\":{\"@id\":\"https:\/\/biojam.pt\/2022\/01\/21\/entrevista-a-carlos-monteiro-a-pais-economico-sobre-a-sua-visao-e-expansao-do-grupo\/#primaryimage\"},\"thumbnailUrl\":\"https:\/\/biojam.pt\/wp-content\/uploads\/2022\/01\/Pais-Economico-Biojam-1-scaled-e1642776101200.jpg\",\"datePublished\":\"2022-01-21T14:40:43+00:00\",\"dateModified\":\"2023-09-29T10:25:36+00:00\",\"breadcrumb\":{\"@id\":\"https:\/\/biojam.pt\/2022\/01\/21\/entrevista-a-carlos-monteiro-a-pais-economico-sobre-a-sua-visao-e-expansao-do-grupo\/#breadcrumb\"},\"inLanguage\":\"en-GB\",\"potentialAction\":[{\"@type\":\"ReadAction\",\"target\":[\"https:\/\/biojam.pt\/2022\/01\/21\/entrevista-a-carlos-monteiro-a-pais-economico-sobre-a-sua-visao-e-expansao-do-grupo\/\"]}]},{\"@type\":\"ImageObject\",\"inLanguage\":\"en-GB\",\"@id\":\"https:\/\/biojam.pt\/2022\/01\/21\/entrevista-a-carlos-monteiro-a-pais-economico-sobre-a-sua-visao-e-expansao-do-grupo\/#primaryimage\",\"url\":\"https:\/\/biojam.pt\/wp-content\/uploads\/2022\/01\/Pais-Economico-Biojam-1-scaled-e1642776101200.jpg\",\"contentUrl\":\"https:\/\/biojam.pt\/wp-content\/uploads\/2022\/01\/Pais-Economico-Biojam-1-scaled-e1642776101200.jpg\",\"width\":1943,\"height\":1401},{\"@type\":\"BreadcrumbList\",\"@id\":\"https:\/\/biojam.pt\/2022\/01\/21\/entrevista-a-carlos-monteiro-a-pais-economico-sobre-a-sua-visao-e-expansao-do-grupo\/#breadcrumb\",\"itemListElement\":[{\"@type\":\"ListItem\",\"position\":1,\"name\":\"In\u00edcio\",\"item\":\"https:\/\/biojam.pt\/\"},{\"@type\":\"ListItem\",\"position\":2,\"name\":\"Entrevista a Carlos Monteiro \u00e0 Pa\u00eds Econ\u00f3mico sobre a sua vis\u00e3o e expans\u00e3o do grupo\"}]},{\"@type\":\"WebSite\",\"@id\":\"https:\/\/biojam.pt\/#website\",\"url\":\"https:\/\/biojam.pt\/\",\"name\":\"Biojam Holding Group\",\"description\":\"Empresa farmac\u00eautica de refer\u00eancia na Pen\u00ednsula Ib\u00e9rica.\",\"publisher\":{\"@id\":\"https:\/\/biojam.pt\/#organization\"},\"potentialAction\":[{\"@type\":\"SearchAction\",\"target\":{\"@type\":\"EntryPoint\",\"urlTemplate\":\"https:\/\/biojam.pt\/?s={search_term_string}\"},\"query-input\":\"required name=search_term_string\"}],\"inLanguage\":\"en-GB\"},{\"@type\":\"Organization\",\"@id\":\"https:\/\/biojam.pt\/#organization\",\"name\":\"Biojam Holding Group\",\"url\":\"https:\/\/biojam.pt\/\",\"logo\":{\"@type\":\"ImageObject\",\"inLanguage\":\"en-GB\",\"@id\":\"https:\/\/biojam.pt\/#\/schema\/logo\/image\/\",\"url\":\"https:\/\/biojam.pt\/wp-content\/uploads\/2022\/05\/logotipo-biojam-L500px-02.png\",\"contentUrl\":\"https:\/\/biojam.pt\/wp-content\/uploads\/2022\/05\/logotipo-biojam-L500px-02.png\",\"width\":501,\"height\":199,\"caption\":\"Biojam Holding Group\"},\"image\":{\"@id\":\"https:\/\/biojam.pt\/#\/schema\/logo\/image\/\"},\"sameAs\":[\"https:\/\/www.facebook.com\/biojamholding\"]},{\"@type\":\"Person\",\"@id\":\"https:\/\/biojam.pt\/#\/schema\/person\/a0cc565cc11775f3e7cb4f5e4ca5e717\",\"name\":\"eduardo\",\"image\":{\"@type\":\"ImageObject\",\"inLanguage\":\"en-GB\",\"@id\":\"https:\/\/biojam.pt\/#\/schema\/person\/image\/\",\"url\":\"https:\/\/secure.gravatar.com\/avatar\/765b26d69b26c109be48048709416b7bea566a6e3adf19063550b3d86f47c4b0?s=96&d=mm&r=g\",\"contentUrl\":\"https:\/\/secure.gravatar.com\/avatar\/765b26d69b26c109be48048709416b7bea566a6e3adf19063550b3d86f47c4b0?s=96&d=mm&r=g\",\"caption\":\"eduardo\"},\"url\":\"https:\/\/biojam.pt\/en\/author\/eduardo\/\"}]}<\/script>\n<!-- \/ Yoast SEO plugin. -->","yoast_head_json":{"title":"Entrevista a Carlos Monteiro \u00e0 Pa\u00eds Econ\u00f3mico sobre a sua vis\u00e3o e expans\u00e3o do grupo - Biojam Holding Group","robots":{"index":"index","follow":"follow","max-snippet":"max-snippet:-1","max-image-preview":"max-image-preview:large","max-video-preview":"max-video-preview:-1"},"canonical":"https:\/\/biojam.pt\/en\/2022\/01\/21\/entrevista-a-carlos-monteiro-a-pais-economico-sobre-a-sua-visao-e-expansao-do-grupo\/","og_locale":"en_GB","og_type":"article","og_title":"Entrevista a Carlos Monteiro \u00e0 Pa\u00eds Econ\u00f3mico sobre a sua vis\u00e3o e expans\u00e3o do grupo - Biojam Holding Group","og_description":"Depois de um percurso de quase duas d\u00e9cadas de trabalho em tr\u00eas multinacionais do sector farmac\u00eautico \u2013 francesa, alem\u00e3 e norte-americana \u2013 Carlos Jorge Monteiro decidiu fundar a Biojam, SA, na altura em conjunto com um s\u00f3cio, que mais tarde seguiu outro percurso, e o empres\u00e1rio criou ent\u00e3o em 2015 a Biojam Holding Group. Em...","og_url":"https:\/\/biojam.pt\/en\/2022\/01\/21\/entrevista-a-carlos-monteiro-a-pais-economico-sobre-a-sua-visao-e-expansao-do-grupo\/","og_site_name":"Biojam Holding Group","article_publisher":"https:\/\/www.facebook.com\/biojamholding","article_published_time":"2022-01-21T14:40:43+00:00","article_modified_time":"2023-09-29T10:25:36+00:00","og_image":[{"width":1943,"height":1401,"url":"https:\/\/biojam.pt\/wp-content\/uploads\/2022\/01\/Pais-Economico-Biojam-1-scaled-e1642776101200.jpg","type":"image\/jpeg"}],"author":"eduardo","twitter_card":"summary_large_image","twitter_misc":{"Written by":"eduardo","Estimated reading time":"1 minute"},"schema":{"@context":"https:\/\/schema.org","@graph":[{"@type":"Article","@id":"https:\/\/biojam.pt\/2022\/01\/21\/entrevista-a-carlos-monteiro-a-pais-economico-sobre-a-sua-visao-e-expansao-do-grupo\/#article","isPartOf":{"@id":"https:\/\/biojam.pt\/2022\/01\/21\/entrevista-a-carlos-monteiro-a-pais-economico-sobre-a-sua-visao-e-expansao-do-grupo\/"},"author":{"name":"eduardo","@id":"https:\/\/biojam.pt\/#\/schema\/person\/a0cc565cc11775f3e7cb4f5e4ca5e717"},"headline":"Entrevista a Carlos Monteiro \u00e0 Pa\u00eds Econ\u00f3mico sobre a sua vis\u00e3o e expans\u00e3o do grupo","datePublished":"2022-01-21T14:40:43+00:00","dateModified":"2023-09-29T10:25:36+00:00","mainEntityOfPage":{"@id":"https:\/\/biojam.pt\/2022\/01\/21\/entrevista-a-carlos-monteiro-a-pais-economico-sobre-a-sua-visao-e-expansao-do-grupo\/"},"wordCount":299,"publisher":{"@id":"https:\/\/biojam.pt\/#organization"},"image":{"@id":"https:\/\/biojam.pt\/2022\/01\/21\/entrevista-a-carlos-monteiro-a-pais-economico-sobre-a-sua-visao-e-expansao-do-grupo\/#primaryimage"},"thumbnailUrl":"https:\/\/biojam.pt\/wp-content\/uploads\/2022\/01\/Pais-Economico-Biojam-1-scaled-e1642776101200.jpg","keywords":["Biojam","Biojam Holding Group","Pa\u00eds Econ\u00f3mico"],"articleSection":["Noticias externas"],"inLanguage":"en-GB"},{"@type":"WebPage","@id":"https:\/\/biojam.pt\/2022\/01\/21\/entrevista-a-carlos-monteiro-a-pais-economico-sobre-a-sua-visao-e-expansao-do-grupo\/","url":"https:\/\/biojam.pt\/2022\/01\/21\/entrevista-a-carlos-monteiro-a-pais-economico-sobre-a-sua-visao-e-expansao-do-grupo\/","name":"Entrevista a Carlos Monteiro \u00e0 Pa\u00eds Econ\u00f3mico sobre a sua vis\u00e3o e expans\u00e3o do grupo - Biojam Holding Group","isPartOf":{"@id":"https:\/\/biojam.pt\/#website"},"primaryImageOfPage":{"@id":"https:\/\/biojam.pt\/2022\/01\/21\/entrevista-a-carlos-monteiro-a-pais-economico-sobre-a-sua-visao-e-expansao-do-grupo\/#primaryimage"},"image":{"@id":"https:\/\/biojam.pt\/2022\/01\/21\/entrevista-a-carlos-monteiro-a-pais-economico-sobre-a-sua-visao-e-expansao-do-grupo\/#primaryimage"},"thumbnailUrl":"https:\/\/biojam.pt\/wp-content\/uploads\/2022\/01\/Pais-Economico-Biojam-1-scaled-e1642776101200.jpg","datePublished":"2022-01-21T14:40:43+00:00","dateModified":"2023-09-29T10:25:36+00:00","breadcrumb":{"@id":"https:\/\/biojam.pt\/2022\/01\/21\/entrevista-a-carlos-monteiro-a-pais-economico-sobre-a-sua-visao-e-expansao-do-grupo\/#breadcrumb"},"inLanguage":"en-GB","potentialAction":[{"@type":"ReadAction","target":["https:\/\/biojam.pt\/2022\/01\/21\/entrevista-a-carlos-monteiro-a-pais-economico-sobre-a-sua-visao-e-expansao-do-grupo\/"]}]},{"@type":"ImageObject","inLanguage":"en-GB","@id":"https:\/\/biojam.pt\/2022\/01\/21\/entrevista-a-carlos-monteiro-a-pais-economico-sobre-a-sua-visao-e-expansao-do-grupo\/#primaryimage","url":"https:\/\/biojam.pt\/wp-content\/uploads\/2022\/01\/Pais-Economico-Biojam-1-scaled-e1642776101200.jpg","contentUrl":"https:\/\/biojam.pt\/wp-content\/uploads\/2022\/01\/Pais-Economico-Biojam-1-scaled-e1642776101200.jpg","width":1943,"height":1401},{"@type":"BreadcrumbList","@id":"https:\/\/biojam.pt\/2022\/01\/21\/entrevista-a-carlos-monteiro-a-pais-economico-sobre-a-sua-visao-e-expansao-do-grupo\/#breadcrumb","itemListElement":[{"@type":"ListItem","position":1,"name":"In\u00edcio","item":"https:\/\/biojam.pt\/"},{"@type":"ListItem","position":2,"name":"Entrevista a Carlos Monteiro \u00e0 Pa\u00eds Econ\u00f3mico sobre a sua vis\u00e3o e expans\u00e3o do grupo"}]},{"@type":"WebSite","@id":"https:\/\/biojam.pt\/#website","url":"https:\/\/biojam.pt\/","name":"Biojam Holding Group","description":"Empresa farmac\u00eautica de refer\u00eancia na Pen\u00ednsula Ib\u00e9rica.","publisher":{"@id":"https:\/\/biojam.pt\/#organization"},"potentialAction":[{"@type":"SearchAction","target":{"@type":"EntryPoint","urlTemplate":"https:\/\/biojam.pt\/?s={search_term_string}"},"query-input":"required name=search_term_string"}],"inLanguage":"en-GB"},{"@type":"Organization","@id":"https:\/\/biojam.pt\/#organization","name":"Biojam Holding Group","url":"https:\/\/biojam.pt\/","logo":{"@type":"ImageObject","inLanguage":"en-GB","@id":"https:\/\/biojam.pt\/#\/schema\/logo\/image\/","url":"https:\/\/biojam.pt\/wp-content\/uploads\/2022\/05\/logotipo-biojam-L500px-02.png","contentUrl":"https:\/\/biojam.pt\/wp-content\/uploads\/2022\/05\/logotipo-biojam-L500px-02.png","width":501,"height":199,"caption":"Biojam Holding Group"},"image":{"@id":"https:\/\/biojam.pt\/#\/schema\/logo\/image\/"},"sameAs":["https:\/\/www.facebook.com\/biojamholding"]},{"@type":"Person","@id":"https:\/\/biojam.pt\/#\/schema\/person\/a0cc565cc11775f3e7cb4f5e4ca5e717","name":"eduardo","image":{"@type":"ImageObject","inLanguage":"en-GB","@id":"https:\/\/biojam.pt\/#\/schema\/person\/image\/","url":"https:\/\/secure.gravatar.com\/avatar\/765b26d69b26c109be48048709416b7bea566a6e3adf19063550b3d86f47c4b0?s=96&d=mm&r=g","contentUrl":"https:\/\/secure.gravatar.com\/avatar\/765b26d69b26c109be48048709416b7bea566a6e3adf19063550b3d86f47c4b0?s=96&d=mm&r=g","caption":"eduardo"},"url":"https:\/\/biojam.pt\/en\/author\/eduardo\/"}]}},"_links":{"self":[{"href":"https:\/\/biojam.pt\/en\/wp-json\/wp\/v2\/posts\/3924","targetHints":{"allow":["GET"]}}],"collection":[{"href":"https:\/\/biojam.pt\/en\/wp-json\/wp\/v2\/posts"}],"about":[{"href":"https:\/\/biojam.pt\/en\/wp-json\/wp\/v2\/types\/post"}],"author":[{"embeddable":true,"href":"https:\/\/biojam.pt\/en\/wp-json\/wp\/v2\/users\/2"}],"replies":[{"embeddable":true,"href":"https:\/\/biojam.pt\/en\/wp-json\/wp\/v2\/comments?post=3924"}],"version-history":[{"count":1,"href":"https:\/\/biojam.pt\/en\/wp-json\/wp\/v2\/posts\/3924\/revisions"}],"predecessor-version":[{"id":4294,"href":"https:\/\/biojam.pt\/en\/wp-json\/wp\/v2\/posts\/3924\/revisions\/4294"}],"wp:featuredmedia":[{"embeddable":true,"href":"https:\/\/biojam.pt\/en\/wp-json\/wp\/v2\/media\/3925"}],"wp:attachment":[{"href":"https:\/\/biojam.pt\/en\/wp-json\/wp\/v2\/media?parent=3924"}],"wp:term":[{"taxonomy":"category","embeddable":true,"href":"https:\/\/biojam.pt\/en\/wp-json\/wp\/v2\/categories?post=3924"},{"taxonomy":"post_tag","embeddable":true,"href":"https:\/\/biojam.pt\/en\/wp-json\/wp\/v2\/tags?post=3924"}],"curies":[{"name":"wp","href":"https:\/\/api.w.org\/{rel}","templated":true}]}}