{"id":3971,"date":"2022-03-28T10:31:54","date_gmt":"2022-03-28T10:31:54","guid":{"rendered":"https:\/\/biojam.pt\/?p=3971"},"modified":"2023-09-29T10:25:31","modified_gmt":"2023-09-29T10:25:31","slug":"dirigente-da-biojam-alerta-para-uma-sexta-vaga-e-destaca-importancia-dos-testes","status":"publish","type":"post","link":"https:\/\/biojam.pt\/en\/2022\/03\/28\/dirigente-da-biojam-alerta-para-uma-sexta-vaga-e-destaca-importancia-dos-testes\/","title":{"rendered":"BIOJAM leader warns of a sixth wave and emphasises the importance of testing"},"content":{"rendered":"<p>With the number of Covid-19 cases on the rise, BIOJAM's CEO warns that \"a sixth wave is imminent\". He emphasises that \"testing has never been as necessary as it is now\".<\/p>\n\n\n\n<p>According to analysts, the BA.2 strain of the Omicron variant is already responsible for more than 76 per cent of infections in the country, and it has substantial structural changes compared to the dominant strain so far. It has a reinfection rate that could jeopardise the effectiveness of antibodies.<\/p>\n\n\n\n<p>The head of BIOJAM's medical department, Augusto Santos Costa, points out that studies indicate that \"BA.2 is around 30 per cent more transmissible than BA.1, and is present in 1 in 5 cases of covid-19 worldwide\". For this reason, the pharmaceutical company guarantees that it will maintain screening units and stocks of tests until the levels of contagion are reduced.<\/p>\n\n\n\n<p>\"At BIOJAM we have always tried to anticipate what the market's needs might be. Through the partners we have around the world, especially those in South Korea, we realise that we are far from entering the final phase of the Covid-19 pandemic. Even though we are in the transition to an endemic situation and vaccines are mitigating the impact of COVID-19, it is essential to keep monitoring cases through testing and hygiene rules,\" adds Carlos Monteiro, recalling that this week South Korea recorded a record number of COVID-19 infections, registering more than 600,000 cases, in what is already considered the peak of the wave caused by the Omicron variant.<\/p>\n\n\n\n<p>Despite the lifting of restrictions on the submission of tests and the reduction in reimbursement, the company will maintain the entire structure for carrying out tests, as well as partnerships for maintaining stocks.<\/p>\n\n\n\n<p><em>Source: <a href=\"https:\/\/healthnews.pt\/2022\/03\/27\/dirigente-da-biojam-alerta-para-uma-sexta-vaga-e-destaca-importancia-dos-testes\/\" target=\"_blank\" data-type=\"URL\" data-id=\"https:\/\/healthnews.pt\/2022\/03\/27\/dirigente-da-biojam-alerta-para-uma-sexta-vaga-e-destaca-importancia-dos-testes\/\" rel=\"noreferrer noopener\">Health News<\/a><\/em><\/p>","protected":false},"excerpt":{"rendered":"<p>Com o n\u00famero de casos por Covid-19 a aumentar, C CEO da BIOJAM alerta para a \u201cimin\u00eancia de uma sexta vaga\u201d. O respons\u00e1vel destaca que \u201cnunca os testes foram t\u00e3o necess\u00e1rios como agora\u201d. Segundo os analistas, a linhagem BA.2 da variante \u00d3micron j\u00e1 \u00e9 respons\u00e1vel por mais de 76% das infe\u00e7\u00f5es no pa\u00eds, sendo que&#8230;<\/p>","protected":false},"author":2,"featured_media":4646,"comment_status":"closed","ping_status":"open","sticky":false,"template":"","format":"standard","meta":{"inline_featured_image":false,"footnotes":""},"categories":[22],"tags":[],"class_list":["post-3971","post","type-post","status-publish","format-standard","has-post-thumbnail","hentry","category-noticias-externas"],"yoast_head":"<!-- This site is optimized with the Yoast SEO plugin v22.7 - https:\/\/yoast.com\/wordpress\/plugins\/seo\/ -->\n<title>Dirigente da BIOJAM alerta para uma sexta-vaga e destaca import\u00e2ncia dos testes - Biojam Holding Group<\/title>\n<meta name=\"robots\" content=\"index, follow, max-snippet:-1, max-image-preview:large, max-video-preview:-1\" \/>\n<link rel=\"canonical\" href=\"https:\/\/biojam.pt\/en\/2022\/03\/28\/dirigente-da-biojam-alerta-para-uma-sexta-vaga-e-destaca-importancia-dos-testes\/\" \/>\n<meta property=\"og:locale\" content=\"en_GB\" \/>\n<meta property=\"og:type\" content=\"article\" \/>\n<meta property=\"og:title\" content=\"Dirigente da BIOJAM alerta para uma sexta-vaga e destaca import\u00e2ncia dos testes - Biojam Holding Group\" \/>\n<meta property=\"og:description\" content=\"Com o n\u00famero de casos por Covid-19 a aumentar, C CEO da BIOJAM alerta para a \u201cimin\u00eancia de uma sexta vaga\u201d. O respons\u00e1vel destaca que \u201cnunca os testes foram t\u00e3o necess\u00e1rios como agora\u201d. Segundo os analistas, a linhagem BA.2 da variante \u00d3micron j\u00e1 \u00e9 respons\u00e1vel por mais de 76% das infe\u00e7\u00f5es no pa\u00eds, sendo que...\" \/>\n<meta property=\"og:url\" content=\"https:\/\/biojam.pt\/en\/2022\/03\/28\/dirigente-da-biojam-alerta-para-uma-sexta-vaga-e-destaca-importancia-dos-testes\/\" \/>\n<meta property=\"og:site_name\" content=\"Biojam Holding Group\" \/>\n<meta property=\"article:publisher\" content=\"https:\/\/www.facebook.com\/biojamholding\" \/>\n<meta property=\"article:published_time\" content=\"2022-03-28T10:31:54+00:00\" \/>\n<meta property=\"article:modified_time\" content=\"2023-09-29T10:25:31+00:00\" \/>\n<meta property=\"og:image\" content=\"https:\/\/biojam.pt\/wp-content\/uploads\/2022\/03\/testagem-portugal.jpg\" \/>\n\t<meta property=\"og:image:width\" content=\"1024\" \/>\n\t<meta property=\"og:image:height\" content=\"681\" \/>\n\t<meta property=\"og:image:type\" content=\"image\/jpeg\" \/>\n<meta name=\"author\" content=\"eduardo\" \/>\n<meta name=\"twitter:card\" content=\"summary_large_image\" \/>\n<meta name=\"twitter:label1\" content=\"Written by\" \/>\n\t<meta name=\"twitter:data1\" content=\"eduardo\" \/>\n\t<meta name=\"twitter:label2\" content=\"Estimated reading time\" \/>\n\t<meta name=\"twitter:data2\" content=\"2 minutes\" \/>\n<script type=\"application\/ld+json\" class=\"yoast-schema-graph\">{\"@context\":\"https:\/\/schema.org\",\"@graph\":[{\"@type\":\"Article\",\"@id\":\"https:\/\/biojam.pt\/2022\/03\/28\/dirigente-da-biojam-alerta-para-uma-sexta-vaga-e-destaca-importancia-dos-testes\/#article\",\"isPartOf\":{\"@id\":\"https:\/\/biojam.pt\/2022\/03\/28\/dirigente-da-biojam-alerta-para-uma-sexta-vaga-e-destaca-importancia-dos-testes\/\"},\"author\":{\"name\":\"eduardo\",\"@id\":\"https:\/\/biojam.pt\/#\/schema\/person\/a0cc565cc11775f3e7cb4f5e4ca5e717\"},\"headline\":\"Dirigente da BIOJAM alerta para uma sexta-vaga e destaca import\u00e2ncia dos testes\",\"datePublished\":\"2022-03-28T10:31:54+00:00\",\"dateModified\":\"2023-09-29T10:25:31+00:00\",\"mainEntityOfPage\":{\"@id\":\"https:\/\/biojam.pt\/2022\/03\/28\/dirigente-da-biojam-alerta-para-uma-sexta-vaga-e-destaca-importancia-dos-testes\/\"},\"wordCount\":334,\"publisher\":{\"@id\":\"https:\/\/biojam.pt\/#organization\"},\"image\":{\"@id\":\"https:\/\/biojam.pt\/2022\/03\/28\/dirigente-da-biojam-alerta-para-uma-sexta-vaga-e-destaca-importancia-dos-testes\/#primaryimage\"},\"thumbnailUrl\":\"https:\/\/biojam.pt\/wp-content\/uploads\/2022\/03\/testagem-portugal.jpg\",\"articleSection\":[\"Noticias externas\"],\"inLanguage\":\"en-GB\"},{\"@type\":\"WebPage\",\"@id\":\"https:\/\/biojam.pt\/2022\/03\/28\/dirigente-da-biojam-alerta-para-uma-sexta-vaga-e-destaca-importancia-dos-testes\/\",\"url\":\"https:\/\/biojam.pt\/2022\/03\/28\/dirigente-da-biojam-alerta-para-uma-sexta-vaga-e-destaca-importancia-dos-testes\/\",\"name\":\"Dirigente da BIOJAM alerta para uma sexta-vaga e destaca import\u00e2ncia dos testes - Biojam Holding Group\",\"isPartOf\":{\"@id\":\"https:\/\/biojam.pt\/#website\"},\"primaryImageOfPage\":{\"@id\":\"https:\/\/biojam.pt\/2022\/03\/28\/dirigente-da-biojam-alerta-para-uma-sexta-vaga-e-destaca-importancia-dos-testes\/#primaryimage\"},\"image\":{\"@id\":\"https:\/\/biojam.pt\/2022\/03\/28\/dirigente-da-biojam-alerta-para-uma-sexta-vaga-e-destaca-importancia-dos-testes\/#primaryimage\"},\"thumbnailUrl\":\"https:\/\/biojam.pt\/wp-content\/uploads\/2022\/03\/testagem-portugal.jpg\",\"datePublished\":\"2022-03-28T10:31:54+00:00\",\"dateModified\":\"2023-09-29T10:25:31+00:00\",\"breadcrumb\":{\"@id\":\"https:\/\/biojam.pt\/2022\/03\/28\/dirigente-da-biojam-alerta-para-uma-sexta-vaga-e-destaca-importancia-dos-testes\/#breadcrumb\"},\"inLanguage\":\"en-GB\",\"potentialAction\":[{\"@type\":\"ReadAction\",\"target\":[\"https:\/\/biojam.pt\/2022\/03\/28\/dirigente-da-biojam-alerta-para-uma-sexta-vaga-e-destaca-importancia-dos-testes\/\"]}]},{\"@type\":\"ImageObject\",\"inLanguage\":\"en-GB\",\"@id\":\"https:\/\/biojam.pt\/2022\/03\/28\/dirigente-da-biojam-alerta-para-uma-sexta-vaga-e-destaca-importancia-dos-testes\/#primaryimage\",\"url\":\"https:\/\/biojam.pt\/wp-content\/uploads\/2022\/03\/testagem-portugal.jpg\",\"contentUrl\":\"https:\/\/biojam.pt\/wp-content\/uploads\/2022\/03\/testagem-portugal.jpg\",\"width\":1024,\"height\":681,\"caption\":\"epa08920850 A health worker conducts a COVID-19 test at the Moscoso Puello Hospital, in Santo Domingo, the Dominican Republic, 05 January 2021. EPA\/Orlando Barria\"},{\"@type\":\"BreadcrumbList\",\"@id\":\"https:\/\/biojam.pt\/2022\/03\/28\/dirigente-da-biojam-alerta-para-uma-sexta-vaga-e-destaca-importancia-dos-testes\/#breadcrumb\",\"itemListElement\":[{\"@type\":\"ListItem\",\"position\":1,\"name\":\"In\u00edcio\",\"item\":\"https:\/\/biojam.pt\/\"},{\"@type\":\"ListItem\",\"position\":2,\"name\":\"Dirigente da BIOJAM alerta para uma sexta-vaga e destaca import\u00e2ncia dos testes\"}]},{\"@type\":\"WebSite\",\"@id\":\"https:\/\/biojam.pt\/#website\",\"url\":\"https:\/\/biojam.pt\/\",\"name\":\"Biojam Holding Group\",\"description\":\"Empresa farmac\u00eautica de refer\u00eancia na Pen\u00ednsula Ib\u00e9rica.\",\"publisher\":{\"@id\":\"https:\/\/biojam.pt\/#organization\"},\"potentialAction\":[{\"@type\":\"SearchAction\",\"target\":{\"@type\":\"EntryPoint\",\"urlTemplate\":\"https:\/\/biojam.pt\/?s={search_term_string}\"},\"query-input\":\"required name=search_term_string\"}],\"inLanguage\":\"en-GB\"},{\"@type\":\"Organization\",\"@id\":\"https:\/\/biojam.pt\/#organization\",\"name\":\"Biojam Holding Group\",\"url\":\"https:\/\/biojam.pt\/\",\"logo\":{\"@type\":\"ImageObject\",\"inLanguage\":\"en-GB\",\"@id\":\"https:\/\/biojam.pt\/#\/schema\/logo\/image\/\",\"url\":\"https:\/\/biojam.pt\/wp-content\/uploads\/2022\/05\/logotipo-biojam-L500px-02.png\",\"contentUrl\":\"https:\/\/biojam.pt\/wp-content\/uploads\/2022\/05\/logotipo-biojam-L500px-02.png\",\"width\":501,\"height\":199,\"caption\":\"Biojam Holding Group\"},\"image\":{\"@id\":\"https:\/\/biojam.pt\/#\/schema\/logo\/image\/\"},\"sameAs\":[\"https:\/\/www.facebook.com\/biojamholding\"]},{\"@type\":\"Person\",\"@id\":\"https:\/\/biojam.pt\/#\/schema\/person\/a0cc565cc11775f3e7cb4f5e4ca5e717\",\"name\":\"eduardo\",\"image\":{\"@type\":\"ImageObject\",\"inLanguage\":\"en-GB\",\"@id\":\"https:\/\/biojam.pt\/#\/schema\/person\/image\/\",\"url\":\"https:\/\/secure.gravatar.com\/avatar\/765b26d69b26c109be48048709416b7bea566a6e3adf19063550b3d86f47c4b0?s=96&d=mm&r=g\",\"contentUrl\":\"https:\/\/secure.gravatar.com\/avatar\/765b26d69b26c109be48048709416b7bea566a6e3adf19063550b3d86f47c4b0?s=96&d=mm&r=g\",\"caption\":\"eduardo\"},\"url\":\"https:\/\/biojam.pt\/en\/author\/eduardo\/\"}]}<\/script>\n<!-- \/ Yoast SEO plugin. -->","yoast_head_json":{"title":"Dirigente da BIOJAM alerta para uma sexta-vaga e destaca import\u00e2ncia dos testes - Biojam Holding Group","robots":{"index":"index","follow":"follow","max-snippet":"max-snippet:-1","max-image-preview":"max-image-preview:large","max-video-preview":"max-video-preview:-1"},"canonical":"https:\/\/biojam.pt\/en\/2022\/03\/28\/dirigente-da-biojam-alerta-para-uma-sexta-vaga-e-destaca-importancia-dos-testes\/","og_locale":"en_GB","og_type":"article","og_title":"Dirigente da BIOJAM alerta para uma sexta-vaga e destaca import\u00e2ncia dos testes - Biojam Holding Group","og_description":"Com o n\u00famero de casos por Covid-19 a aumentar, C CEO da BIOJAM alerta para a \u201cimin\u00eancia de uma sexta vaga\u201d. O respons\u00e1vel destaca que \u201cnunca os testes foram t\u00e3o necess\u00e1rios como agora\u201d. Segundo os analistas, a linhagem BA.2 da variante \u00d3micron j\u00e1 \u00e9 respons\u00e1vel por mais de 76% das infe\u00e7\u00f5es no pa\u00eds, sendo que...","og_url":"https:\/\/biojam.pt\/en\/2022\/03\/28\/dirigente-da-biojam-alerta-para-uma-sexta-vaga-e-destaca-importancia-dos-testes\/","og_site_name":"Biojam Holding Group","article_publisher":"https:\/\/www.facebook.com\/biojamholding","article_published_time":"2022-03-28T10:31:54+00:00","article_modified_time":"2023-09-29T10:25:31+00:00","og_image":[{"width":1024,"height":681,"url":"https:\/\/biojam.pt\/wp-content\/uploads\/2022\/03\/testagem-portugal.jpg","type":"image\/jpeg"}],"author":"eduardo","twitter_card":"summary_large_image","twitter_misc":{"Written by":"eduardo","Estimated reading time":"2 minutes"},"schema":{"@context":"https:\/\/schema.org","@graph":[{"@type":"Article","@id":"https:\/\/biojam.pt\/2022\/03\/28\/dirigente-da-biojam-alerta-para-uma-sexta-vaga-e-destaca-importancia-dos-testes\/#article","isPartOf":{"@id":"https:\/\/biojam.pt\/2022\/03\/28\/dirigente-da-biojam-alerta-para-uma-sexta-vaga-e-destaca-importancia-dos-testes\/"},"author":{"name":"eduardo","@id":"https:\/\/biojam.pt\/#\/schema\/person\/a0cc565cc11775f3e7cb4f5e4ca5e717"},"headline":"Dirigente da BIOJAM alerta para uma sexta-vaga e destaca import\u00e2ncia dos testes","datePublished":"2022-03-28T10:31:54+00:00","dateModified":"2023-09-29T10:25:31+00:00","mainEntityOfPage":{"@id":"https:\/\/biojam.pt\/2022\/03\/28\/dirigente-da-biojam-alerta-para-uma-sexta-vaga-e-destaca-importancia-dos-testes\/"},"wordCount":334,"publisher":{"@id":"https:\/\/biojam.pt\/#organization"},"image":{"@id":"https:\/\/biojam.pt\/2022\/03\/28\/dirigente-da-biojam-alerta-para-uma-sexta-vaga-e-destaca-importancia-dos-testes\/#primaryimage"},"thumbnailUrl":"https:\/\/biojam.pt\/wp-content\/uploads\/2022\/03\/testagem-portugal.jpg","articleSection":["Noticias externas"],"inLanguage":"en-GB"},{"@type":"WebPage","@id":"https:\/\/biojam.pt\/2022\/03\/28\/dirigente-da-biojam-alerta-para-uma-sexta-vaga-e-destaca-importancia-dos-testes\/","url":"https:\/\/biojam.pt\/2022\/03\/28\/dirigente-da-biojam-alerta-para-uma-sexta-vaga-e-destaca-importancia-dos-testes\/","name":"Dirigente da BIOJAM alerta para uma sexta-vaga e destaca import\u00e2ncia dos testes - Biojam Holding Group","isPartOf":{"@id":"https:\/\/biojam.pt\/#website"},"primaryImageOfPage":{"@id":"https:\/\/biojam.pt\/2022\/03\/28\/dirigente-da-biojam-alerta-para-uma-sexta-vaga-e-destaca-importancia-dos-testes\/#primaryimage"},"image":{"@id":"https:\/\/biojam.pt\/2022\/03\/28\/dirigente-da-biojam-alerta-para-uma-sexta-vaga-e-destaca-importancia-dos-testes\/#primaryimage"},"thumbnailUrl":"https:\/\/biojam.pt\/wp-content\/uploads\/2022\/03\/testagem-portugal.jpg","datePublished":"2022-03-28T10:31:54+00:00","dateModified":"2023-09-29T10:25:31+00:00","breadcrumb":{"@id":"https:\/\/biojam.pt\/2022\/03\/28\/dirigente-da-biojam-alerta-para-uma-sexta-vaga-e-destaca-importancia-dos-testes\/#breadcrumb"},"inLanguage":"en-GB","potentialAction":[{"@type":"ReadAction","target":["https:\/\/biojam.pt\/2022\/03\/28\/dirigente-da-biojam-alerta-para-uma-sexta-vaga-e-destaca-importancia-dos-testes\/"]}]},{"@type":"ImageObject","inLanguage":"en-GB","@id":"https:\/\/biojam.pt\/2022\/03\/28\/dirigente-da-biojam-alerta-para-uma-sexta-vaga-e-destaca-importancia-dos-testes\/#primaryimage","url":"https:\/\/biojam.pt\/wp-content\/uploads\/2022\/03\/testagem-portugal.jpg","contentUrl":"https:\/\/biojam.pt\/wp-content\/uploads\/2022\/03\/testagem-portugal.jpg","width":1024,"height":681,"caption":"epa08920850 A health worker conducts a COVID-19 test at the Moscoso Puello Hospital, in Santo Domingo, the Dominican Republic, 05 January 2021. EPA\/Orlando Barria"},{"@type":"BreadcrumbList","@id":"https:\/\/biojam.pt\/2022\/03\/28\/dirigente-da-biojam-alerta-para-uma-sexta-vaga-e-destaca-importancia-dos-testes\/#breadcrumb","itemListElement":[{"@type":"ListItem","position":1,"name":"In\u00edcio","item":"https:\/\/biojam.pt\/"},{"@type":"ListItem","position":2,"name":"Dirigente da BIOJAM alerta para uma sexta-vaga e destaca import\u00e2ncia dos testes"}]},{"@type":"WebSite","@id":"https:\/\/biojam.pt\/#website","url":"https:\/\/biojam.pt\/","name":"Biojam Holding Group","description":"Empresa farmac\u00eautica de refer\u00eancia na Pen\u00ednsula Ib\u00e9rica.","publisher":{"@id":"https:\/\/biojam.pt\/#organization"},"potentialAction":[{"@type":"SearchAction","target":{"@type":"EntryPoint","urlTemplate":"https:\/\/biojam.pt\/?s={search_term_string}"},"query-input":"required name=search_term_string"}],"inLanguage":"en-GB"},{"@type":"Organization","@id":"https:\/\/biojam.pt\/#organization","name":"Biojam Holding Group","url":"https:\/\/biojam.pt\/","logo":{"@type":"ImageObject","inLanguage":"en-GB","@id":"https:\/\/biojam.pt\/#\/schema\/logo\/image\/","url":"https:\/\/biojam.pt\/wp-content\/uploads\/2022\/05\/logotipo-biojam-L500px-02.png","contentUrl":"https:\/\/biojam.pt\/wp-content\/uploads\/2022\/05\/logotipo-biojam-L500px-02.png","width":501,"height":199,"caption":"Biojam Holding Group"},"image":{"@id":"https:\/\/biojam.pt\/#\/schema\/logo\/image\/"},"sameAs":["https:\/\/www.facebook.com\/biojamholding"]},{"@type":"Person","@id":"https:\/\/biojam.pt\/#\/schema\/person\/a0cc565cc11775f3e7cb4f5e4ca5e717","name":"eduardo","image":{"@type":"ImageObject","inLanguage":"en-GB","@id":"https:\/\/biojam.pt\/#\/schema\/person\/image\/","url":"https:\/\/secure.gravatar.com\/avatar\/765b26d69b26c109be48048709416b7bea566a6e3adf19063550b3d86f47c4b0?s=96&d=mm&r=g","contentUrl":"https:\/\/secure.gravatar.com\/avatar\/765b26d69b26c109be48048709416b7bea566a6e3adf19063550b3d86f47c4b0?s=96&d=mm&r=g","caption":"eduardo"},"url":"https:\/\/biojam.pt\/en\/author\/eduardo\/"}]}},"_links":{"self":[{"href":"https:\/\/biojam.pt\/en\/wp-json\/wp\/v2\/posts\/3971","targetHints":{"allow":["GET"]}}],"collection":[{"href":"https:\/\/biojam.pt\/en\/wp-json\/wp\/v2\/posts"}],"about":[{"href":"https:\/\/biojam.pt\/en\/wp-json\/wp\/v2\/types\/post"}],"author":[{"embeddable":true,"href":"https:\/\/biojam.pt\/en\/wp-json\/wp\/v2\/users\/2"}],"replies":[{"embeddable":true,"href":"https:\/\/biojam.pt\/en\/wp-json\/wp\/v2\/comments?post=3971"}],"version-history":[{"count":1,"href":"https:\/\/biojam.pt\/en\/wp-json\/wp\/v2\/posts\/3971\/revisions"}],"predecessor-version":[{"id":4647,"href":"https:\/\/biojam.pt\/en\/wp-json\/wp\/v2\/posts\/3971\/revisions\/4647"}],"wp:featuredmedia":[{"embeddable":true,"href":"https:\/\/biojam.pt\/en\/wp-json\/wp\/v2\/media\/4646"}],"wp:attachment":[{"href":"https:\/\/biojam.pt\/en\/wp-json\/wp\/v2\/media?parent=3971"}],"wp:term":[{"taxonomy":"category","embeddable":true,"href":"https:\/\/biojam.pt\/en\/wp-json\/wp\/v2\/categories?post=3971"},{"taxonomy":"post_tag","embeddable":true,"href":"https:\/\/biojam.pt\/en\/wp-json\/wp\/v2\/tags?post=3971"}],"curies":[{"name":"wp","href":"https:\/\/api.w.org\/{rel}","templated":true}]}}