{"id":5239,"date":"2022-05-19T11:44:53","date_gmt":"2022-05-19T11:44:53","guid":{"rendered":"https:\/\/biojam.pt\/?p=5239"},"modified":"2023-09-29T10:25:17","modified_gmt":"2023-09-29T10:25:17","slug":"biojam-preparada-para-assegurar-a-testagem-covid-19-durante-a-sexta-vaga","status":"publish","type":"post","link":"https:\/\/biojam.pt\/en\/2022\/05\/19\/biojam-preparada-para-assegurar-a-testagem-covid-19-durante-a-sexta-vaga\/","title":{"rendered":"Biojam prepared to ensure Covid-19 testing during sixth wave"},"content":{"rendered":"<p>Following the creation of a logistics hub for the supply of COVID-19 tests for the Iberian and PALOP markets, Biojam has just reinforced its stock of rapid PCL COVID19 Ag Gold antigen tests for a rapid response to the domestic market. More than 200,000 tests have been prepared for supply within a maximum of 6 hours, maintaining the possibility of supplying one million tests per week.<\/p>\n\n\n\n<p>Given the current figures announced last week, which put Portugal in second place among countries with the most new cases per 100,000 inhabitants and taking what has been happening in other countries as a reference, Carlos Monteiro, CEO of Biojam Holding Group, believes that \"this sixth wave will unfold more quickly and intensely\". Despite the existence of vaccines that have mitigated the negative impact of the pandemic in terms of the number of deaths, Carlos Monteiro shares the view of the experts who are advising the government and for whom the reimbursement of rapid antigen tests (TRAg) in pharmacies should be extended for the foreseeable future.<\/p>\n\n\n\n<p>Faced with this scenario, Biojam Holding Group has reserved more than 200,000 tests for the national market, which can be delivered as soon as the automatic prescription of tests is implemented via the SNS24 line announced by the government. Carlos Monteiro also said: \"We know that most test suppliers don't have the capacity to create stocks for a rapid response to the national market and that logistical issues are increasingly an obstacle to the speedy implementation of measures. We are therefore limiting the number of tests sent to other countries in order to guarantee a response to Portugal.\"<\/p>\n\n\n\n<p>Since the beginning of the year, Biojam Holding Group has had an agreement with its South Korean partner to ensure that all Portuguese organisations can respond quickly to the growing demand for tests for professional use. This partnership allows Biojam, the exclusive representative of the COVID19 Ag Gold rapid PCL antigen tests, to place one million tests on the national market every week, which corresponds to 50 per cent of the manufacturer's weekly production capacity. This makes Portugal one of the reference countries for the distribution of PCL tests.<\/p>\n\n\n\n<p><em>Source: <a href=\"https:\/\/www.netfarma.pt\/biojam-preparada-para-assegurar-a-testagem-covid-19-durante-a-sexta-vaga\/\" target=\"_blank\" rel=\"noreferrer noopener\">Netfarma<\/a><\/em><\/p>","protected":false},"excerpt":{"rendered":"<p>Ap\u00f3s a cria\u00e7\u00e3o de um Hub log\u00edstico para fornecimento de testes COVID-19, destinados ao mercado Ib\u00e9rico e PALOP, a Biojam acaba de refor\u00e7ar os stocks de testes r\u00e1pidos de antig\u00e9nio PCL COVID19 Ag Gold, para uma r\u00e1pida resposta ao mercado nacional. Est\u00e3o mais de 200 mil testes preparados para um fornecimento no per\u00edodo m\u00e1ximo de&#8230;<\/p>","protected":false},"author":2,"featured_media":5241,"comment_status":"closed","ping_status":"closed","sticky":false,"template":"","format":"standard","meta":{"inline_featured_image":false,"footnotes":""},"categories":[41],"tags":[],"class_list":["post-5239","post","type-post","status-publish","format-standard","has-post-thumbnail","hentry","category-noticia-biojam"],"yoast_head":"<!-- This site is optimized with the Yoast SEO plugin v22.7 - https:\/\/yoast.com\/wordpress\/plugins\/seo\/ -->\n<title>Biojam preparada para assegurar a testagem Covid-19 durante a sexta vaga - Biojam Holding Group<\/title>\n<meta name=\"robots\" content=\"index, follow, max-snippet:-1, max-image-preview:large, max-video-preview:-1\" \/>\n<link rel=\"canonical\" href=\"https:\/\/biojam.pt\/en\/2022\/05\/19\/biojam-preparada-para-assegurar-a-testagem-covid-19-durante-a-sexta-vaga\/\" \/>\n<meta property=\"og:locale\" content=\"en_GB\" \/>\n<meta property=\"og:type\" content=\"article\" \/>\n<meta property=\"og:title\" content=\"Biojam preparada para assegurar a testagem Covid-19 durante a sexta vaga - Biojam Holding Group\" \/>\n<meta property=\"og:description\" content=\"Ap\u00f3s a cria\u00e7\u00e3o de um Hub log\u00edstico para fornecimento de testes COVID-19, destinados ao mercado Ib\u00e9rico e PALOP, a Biojam acaba de refor\u00e7ar os stocks de testes r\u00e1pidos de antig\u00e9nio PCL COVID19 Ag Gold, para uma r\u00e1pida resposta ao mercado nacional. Est\u00e3o mais de 200 mil testes preparados para um fornecimento no per\u00edodo m\u00e1ximo de...\" \/>\n<meta property=\"og:url\" content=\"https:\/\/biojam.pt\/en\/2022\/05\/19\/biojam-preparada-para-assegurar-a-testagem-covid-19-durante-a-sexta-vaga\/\" \/>\n<meta property=\"og:site_name\" content=\"Biojam Holding Group\" \/>\n<meta property=\"article:publisher\" content=\"https:\/\/www.facebook.com\/biojamholding\" \/>\n<meta property=\"article:published_time\" content=\"2022-05-19T11:44:53+00:00\" \/>\n<meta property=\"article:modified_time\" content=\"2023-09-29T10:25:17+00:00\" \/>\n<meta property=\"og:image\" content=\"https:\/\/biojam.pt\/wp-content\/uploads\/2022\/05\/covidtest-scaled.jpg\" \/>\n\t<meta property=\"og:image:width\" content=\"2560\" \/>\n\t<meta property=\"og:image:height\" content=\"1707\" \/>\n\t<meta property=\"og:image:type\" content=\"image\/jpeg\" \/>\n<meta name=\"author\" content=\"eduardo\" \/>\n<meta name=\"twitter:card\" content=\"summary_large_image\" \/>\n<meta name=\"twitter:label1\" content=\"Written by\" \/>\n\t<meta name=\"twitter:data1\" content=\"eduardo\" \/>\n\t<meta name=\"twitter:label2\" content=\"Estimated reading time\" \/>\n\t<meta name=\"twitter:data2\" content=\"2 minutes\" \/>\n<script type=\"application\/ld+json\" class=\"yoast-schema-graph\">{\"@context\":\"https:\/\/schema.org\",\"@graph\":[{\"@type\":\"Article\",\"@id\":\"https:\/\/biojam.pt\/2022\/05\/19\/biojam-preparada-para-assegurar-a-testagem-covid-19-durante-a-sexta-vaga\/#article\",\"isPartOf\":{\"@id\":\"https:\/\/biojam.pt\/2022\/05\/19\/biojam-preparada-para-assegurar-a-testagem-covid-19-durante-a-sexta-vaga\/\"},\"author\":{\"name\":\"eduardo\",\"@id\":\"https:\/\/biojam.pt\/#\/schema\/person\/a0cc565cc11775f3e7cb4f5e4ca5e717\"},\"headline\":\"Biojam preparada para assegurar a testagem Covid-19 durante a sexta vaga\",\"datePublished\":\"2022-05-19T11:44:53+00:00\",\"dateModified\":\"2023-09-29T10:25:17+00:00\",\"mainEntityOfPage\":{\"@id\":\"https:\/\/biojam.pt\/2022\/05\/19\/biojam-preparada-para-assegurar-a-testagem-covid-19-durante-a-sexta-vaga\/\"},\"wordCount\":418,\"publisher\":{\"@id\":\"https:\/\/biojam.pt\/#organization\"},\"image\":{\"@id\":\"https:\/\/biojam.pt\/2022\/05\/19\/biojam-preparada-para-assegurar-a-testagem-covid-19-durante-a-sexta-vaga\/#primaryimage\"},\"thumbnailUrl\":\"https:\/\/biojam.pt\/wp-content\/uploads\/2022\/05\/covidtest-scaled.jpg\",\"articleSection\":[\"Noticia Biojam\"],\"inLanguage\":\"en-GB\"},{\"@type\":\"WebPage\",\"@id\":\"https:\/\/biojam.pt\/2022\/05\/19\/biojam-preparada-para-assegurar-a-testagem-covid-19-durante-a-sexta-vaga\/\",\"url\":\"https:\/\/biojam.pt\/2022\/05\/19\/biojam-preparada-para-assegurar-a-testagem-covid-19-durante-a-sexta-vaga\/\",\"name\":\"Biojam preparada para assegurar a testagem Covid-19 durante a sexta vaga - Biojam Holding Group\",\"isPartOf\":{\"@id\":\"https:\/\/biojam.pt\/#website\"},\"primaryImageOfPage\":{\"@id\":\"https:\/\/biojam.pt\/2022\/05\/19\/biojam-preparada-para-assegurar-a-testagem-covid-19-durante-a-sexta-vaga\/#primaryimage\"},\"image\":{\"@id\":\"https:\/\/biojam.pt\/2022\/05\/19\/biojam-preparada-para-assegurar-a-testagem-covid-19-durante-a-sexta-vaga\/#primaryimage\"},\"thumbnailUrl\":\"https:\/\/biojam.pt\/wp-content\/uploads\/2022\/05\/covidtest-scaled.jpg\",\"datePublished\":\"2022-05-19T11:44:53+00:00\",\"dateModified\":\"2023-09-29T10:25:17+00:00\",\"breadcrumb\":{\"@id\":\"https:\/\/biojam.pt\/2022\/05\/19\/biojam-preparada-para-assegurar-a-testagem-covid-19-durante-a-sexta-vaga\/#breadcrumb\"},\"inLanguage\":\"en-GB\",\"potentialAction\":[{\"@type\":\"ReadAction\",\"target\":[\"https:\/\/biojam.pt\/2022\/05\/19\/biojam-preparada-para-assegurar-a-testagem-covid-19-durante-a-sexta-vaga\/\"]}]},{\"@type\":\"ImageObject\",\"inLanguage\":\"en-GB\",\"@id\":\"https:\/\/biojam.pt\/2022\/05\/19\/biojam-preparada-para-assegurar-a-testagem-covid-19-durante-a-sexta-vaga\/#primaryimage\",\"url\":\"https:\/\/biojam.pt\/wp-content\/uploads\/2022\/05\/covidtest-scaled.jpg\",\"contentUrl\":\"https:\/\/biojam.pt\/wp-content\/uploads\/2022\/05\/covidtest-scaled.jpg\",\"width\":2560,\"height\":1707},{\"@type\":\"BreadcrumbList\",\"@id\":\"https:\/\/biojam.pt\/2022\/05\/19\/biojam-preparada-para-assegurar-a-testagem-covid-19-durante-a-sexta-vaga\/#breadcrumb\",\"itemListElement\":[{\"@type\":\"ListItem\",\"position\":1,\"name\":\"In\u00edcio\",\"item\":\"https:\/\/biojam.pt\/\"},{\"@type\":\"ListItem\",\"position\":2,\"name\":\"Biojam preparada para assegurar a testagem Covid-19 durante a sexta vaga\"}]},{\"@type\":\"WebSite\",\"@id\":\"https:\/\/biojam.pt\/#website\",\"url\":\"https:\/\/biojam.pt\/\",\"name\":\"Biojam Holding Group\",\"description\":\"Empresa farmac\u00eautica de refer\u00eancia na Pen\u00ednsula Ib\u00e9rica.\",\"publisher\":{\"@id\":\"https:\/\/biojam.pt\/#organization\"},\"potentialAction\":[{\"@type\":\"SearchAction\",\"target\":{\"@type\":\"EntryPoint\",\"urlTemplate\":\"https:\/\/biojam.pt\/?s={search_term_string}\"},\"query-input\":\"required name=search_term_string\"}],\"inLanguage\":\"en-GB\"},{\"@type\":\"Organization\",\"@id\":\"https:\/\/biojam.pt\/#organization\",\"name\":\"Biojam Holding Group\",\"url\":\"https:\/\/biojam.pt\/\",\"logo\":{\"@type\":\"ImageObject\",\"inLanguage\":\"en-GB\",\"@id\":\"https:\/\/biojam.pt\/#\/schema\/logo\/image\/\",\"url\":\"https:\/\/biojam.pt\/wp-content\/uploads\/2022\/05\/logotipo-biojam-L500px-02.png\",\"contentUrl\":\"https:\/\/biojam.pt\/wp-content\/uploads\/2022\/05\/logotipo-biojam-L500px-02.png\",\"width\":501,\"height\":199,\"caption\":\"Biojam Holding Group\"},\"image\":{\"@id\":\"https:\/\/biojam.pt\/#\/schema\/logo\/image\/\"},\"sameAs\":[\"https:\/\/www.facebook.com\/biojamholding\"]},{\"@type\":\"Person\",\"@id\":\"https:\/\/biojam.pt\/#\/schema\/person\/a0cc565cc11775f3e7cb4f5e4ca5e717\",\"name\":\"eduardo\",\"image\":{\"@type\":\"ImageObject\",\"inLanguage\":\"en-GB\",\"@id\":\"https:\/\/biojam.pt\/#\/schema\/person\/image\/\",\"url\":\"https:\/\/secure.gravatar.com\/avatar\/765b26d69b26c109be48048709416b7bea566a6e3adf19063550b3d86f47c4b0?s=96&d=mm&r=g\",\"contentUrl\":\"https:\/\/secure.gravatar.com\/avatar\/765b26d69b26c109be48048709416b7bea566a6e3adf19063550b3d86f47c4b0?s=96&d=mm&r=g\",\"caption\":\"eduardo\"},\"url\":\"https:\/\/biojam.pt\/en\/author\/eduardo\/\"}]}<\/script>\n<!-- \/ Yoast SEO plugin. -->","yoast_head_json":{"title":"Biojam preparada para assegurar a testagem Covid-19 durante a sexta vaga - Biojam Holding Group","robots":{"index":"index","follow":"follow","max-snippet":"max-snippet:-1","max-image-preview":"max-image-preview:large","max-video-preview":"max-video-preview:-1"},"canonical":"https:\/\/biojam.pt\/en\/2022\/05\/19\/biojam-preparada-para-assegurar-a-testagem-covid-19-durante-a-sexta-vaga\/","og_locale":"en_GB","og_type":"article","og_title":"Biojam preparada para assegurar a testagem Covid-19 durante a sexta vaga - Biojam Holding Group","og_description":"Ap\u00f3s a cria\u00e7\u00e3o de um Hub log\u00edstico para fornecimento de testes COVID-19, destinados ao mercado Ib\u00e9rico e PALOP, a Biojam acaba de refor\u00e7ar os stocks de testes r\u00e1pidos de antig\u00e9nio PCL COVID19 Ag Gold, para uma r\u00e1pida resposta ao mercado nacional. Est\u00e3o mais de 200 mil testes preparados para um fornecimento no per\u00edodo m\u00e1ximo de...","og_url":"https:\/\/biojam.pt\/en\/2022\/05\/19\/biojam-preparada-para-assegurar-a-testagem-covid-19-durante-a-sexta-vaga\/","og_site_name":"Biojam Holding Group","article_publisher":"https:\/\/www.facebook.com\/biojamholding","article_published_time":"2022-05-19T11:44:53+00:00","article_modified_time":"2023-09-29T10:25:17+00:00","og_image":[{"width":2560,"height":1707,"url":"https:\/\/biojam.pt\/wp-content\/uploads\/2022\/05\/covidtest-scaled.jpg","type":"image\/jpeg"}],"author":"eduardo","twitter_card":"summary_large_image","twitter_misc":{"Written by":"eduardo","Estimated reading time":"2 minutes"},"schema":{"@context":"https:\/\/schema.org","@graph":[{"@type":"Article","@id":"https:\/\/biojam.pt\/2022\/05\/19\/biojam-preparada-para-assegurar-a-testagem-covid-19-durante-a-sexta-vaga\/#article","isPartOf":{"@id":"https:\/\/biojam.pt\/2022\/05\/19\/biojam-preparada-para-assegurar-a-testagem-covid-19-durante-a-sexta-vaga\/"},"author":{"name":"eduardo","@id":"https:\/\/biojam.pt\/#\/schema\/person\/a0cc565cc11775f3e7cb4f5e4ca5e717"},"headline":"Biojam preparada para assegurar a testagem Covid-19 durante a sexta vaga","datePublished":"2022-05-19T11:44:53+00:00","dateModified":"2023-09-29T10:25:17+00:00","mainEntityOfPage":{"@id":"https:\/\/biojam.pt\/2022\/05\/19\/biojam-preparada-para-assegurar-a-testagem-covid-19-durante-a-sexta-vaga\/"},"wordCount":418,"publisher":{"@id":"https:\/\/biojam.pt\/#organization"},"image":{"@id":"https:\/\/biojam.pt\/2022\/05\/19\/biojam-preparada-para-assegurar-a-testagem-covid-19-durante-a-sexta-vaga\/#primaryimage"},"thumbnailUrl":"https:\/\/biojam.pt\/wp-content\/uploads\/2022\/05\/covidtest-scaled.jpg","articleSection":["Noticia Biojam"],"inLanguage":"en-GB"},{"@type":"WebPage","@id":"https:\/\/biojam.pt\/2022\/05\/19\/biojam-preparada-para-assegurar-a-testagem-covid-19-durante-a-sexta-vaga\/","url":"https:\/\/biojam.pt\/2022\/05\/19\/biojam-preparada-para-assegurar-a-testagem-covid-19-durante-a-sexta-vaga\/","name":"Biojam preparada para assegurar a testagem Covid-19 durante a sexta vaga - Biojam Holding Group","isPartOf":{"@id":"https:\/\/biojam.pt\/#website"},"primaryImageOfPage":{"@id":"https:\/\/biojam.pt\/2022\/05\/19\/biojam-preparada-para-assegurar-a-testagem-covid-19-durante-a-sexta-vaga\/#primaryimage"},"image":{"@id":"https:\/\/biojam.pt\/2022\/05\/19\/biojam-preparada-para-assegurar-a-testagem-covid-19-durante-a-sexta-vaga\/#primaryimage"},"thumbnailUrl":"https:\/\/biojam.pt\/wp-content\/uploads\/2022\/05\/covidtest-scaled.jpg","datePublished":"2022-05-19T11:44:53+00:00","dateModified":"2023-09-29T10:25:17+00:00","breadcrumb":{"@id":"https:\/\/biojam.pt\/2022\/05\/19\/biojam-preparada-para-assegurar-a-testagem-covid-19-durante-a-sexta-vaga\/#breadcrumb"},"inLanguage":"en-GB","potentialAction":[{"@type":"ReadAction","target":["https:\/\/biojam.pt\/2022\/05\/19\/biojam-preparada-para-assegurar-a-testagem-covid-19-durante-a-sexta-vaga\/"]}]},{"@type":"ImageObject","inLanguage":"en-GB","@id":"https:\/\/biojam.pt\/2022\/05\/19\/biojam-preparada-para-assegurar-a-testagem-covid-19-durante-a-sexta-vaga\/#primaryimage","url":"https:\/\/biojam.pt\/wp-content\/uploads\/2022\/05\/covidtest-scaled.jpg","contentUrl":"https:\/\/biojam.pt\/wp-content\/uploads\/2022\/05\/covidtest-scaled.jpg","width":2560,"height":1707},{"@type":"BreadcrumbList","@id":"https:\/\/biojam.pt\/2022\/05\/19\/biojam-preparada-para-assegurar-a-testagem-covid-19-durante-a-sexta-vaga\/#breadcrumb","itemListElement":[{"@type":"ListItem","position":1,"name":"In\u00edcio","item":"https:\/\/biojam.pt\/"},{"@type":"ListItem","position":2,"name":"Biojam preparada para assegurar a testagem Covid-19 durante a sexta vaga"}]},{"@type":"WebSite","@id":"https:\/\/biojam.pt\/#website","url":"https:\/\/biojam.pt\/","name":"Biojam Holding Group","description":"Empresa farmac\u00eautica de refer\u00eancia na Pen\u00ednsula Ib\u00e9rica.","publisher":{"@id":"https:\/\/biojam.pt\/#organization"},"potentialAction":[{"@type":"SearchAction","target":{"@type":"EntryPoint","urlTemplate":"https:\/\/biojam.pt\/?s={search_term_string}"},"query-input":"required name=search_term_string"}],"inLanguage":"en-GB"},{"@type":"Organization","@id":"https:\/\/biojam.pt\/#organization","name":"Biojam Holding Group","url":"https:\/\/biojam.pt\/","logo":{"@type":"ImageObject","inLanguage":"en-GB","@id":"https:\/\/biojam.pt\/#\/schema\/logo\/image\/","url":"https:\/\/biojam.pt\/wp-content\/uploads\/2022\/05\/logotipo-biojam-L500px-02.png","contentUrl":"https:\/\/biojam.pt\/wp-content\/uploads\/2022\/05\/logotipo-biojam-L500px-02.png","width":501,"height":199,"caption":"Biojam Holding Group"},"image":{"@id":"https:\/\/biojam.pt\/#\/schema\/logo\/image\/"},"sameAs":["https:\/\/www.facebook.com\/biojamholding"]},{"@type":"Person","@id":"https:\/\/biojam.pt\/#\/schema\/person\/a0cc565cc11775f3e7cb4f5e4ca5e717","name":"eduardo","image":{"@type":"ImageObject","inLanguage":"en-GB","@id":"https:\/\/biojam.pt\/#\/schema\/person\/image\/","url":"https:\/\/secure.gravatar.com\/avatar\/765b26d69b26c109be48048709416b7bea566a6e3adf19063550b3d86f47c4b0?s=96&d=mm&r=g","contentUrl":"https:\/\/secure.gravatar.com\/avatar\/765b26d69b26c109be48048709416b7bea566a6e3adf19063550b3d86f47c4b0?s=96&d=mm&r=g","caption":"eduardo"},"url":"https:\/\/biojam.pt\/en\/author\/eduardo\/"}]}},"_links":{"self":[{"href":"https:\/\/biojam.pt\/en\/wp-json\/wp\/v2\/posts\/5239","targetHints":{"allow":["GET"]}}],"collection":[{"href":"https:\/\/biojam.pt\/en\/wp-json\/wp\/v2\/posts"}],"about":[{"href":"https:\/\/biojam.pt\/en\/wp-json\/wp\/v2\/types\/post"}],"author":[{"embeddable":true,"href":"https:\/\/biojam.pt\/en\/wp-json\/wp\/v2\/users\/2"}],"replies":[{"embeddable":true,"href":"https:\/\/biojam.pt\/en\/wp-json\/wp\/v2\/comments?post=5239"}],"version-history":[{"count":1,"href":"https:\/\/biojam.pt\/en\/wp-json\/wp\/v2\/posts\/5239\/revisions"}],"predecessor-version":[{"id":5242,"href":"https:\/\/biojam.pt\/en\/wp-json\/wp\/v2\/posts\/5239\/revisions\/5242"}],"wp:featuredmedia":[{"embeddable":true,"href":"https:\/\/biojam.pt\/en\/wp-json\/wp\/v2\/media\/5241"}],"wp:attachment":[{"href":"https:\/\/biojam.pt\/en\/wp-json\/wp\/v2\/media?parent=5239"}],"wp:term":[{"taxonomy":"category","embeddable":true,"href":"https:\/\/biojam.pt\/en\/wp-json\/wp\/v2\/categories?post=5239"},{"taxonomy":"post_tag","embeddable":true,"href":"https:\/\/biojam.pt\/en\/wp-json\/wp\/v2\/tags?post=5239"}],"curies":[{"name":"wp","href":"https:\/\/api.w.org\/{rel}","templated":true}]}}