{"id":5416,"date":"2023-02-01T11:45:21","date_gmt":"2023-02-01T11:45:21","guid":{"rendered":"https:\/\/biojam.pt\/?p=5416"},"modified":"2023-09-29T10:25:13","modified_gmt":"2023-09-29T10:25:13","slug":"carlos-monteiro-fala-a-pais-economico-sobre-a-importancia-da-biojam-para-a-peninsula-iberica","status":"publish","type":"post","link":"https:\/\/biojam.pt\/en\/2023\/02\/01\/carlos-monteiro-fala-a-pais-economico-sobre-a-importancia-da-biojam-para-a-peninsula-iberica\/","title":{"rendered":"Carlos Monteiro talks to Pa\u00eds Econ\u00f3mico about the importance of Biojam for the Iberian Peninsula"},"content":{"rendered":"<p>After a successful career in various pharmaceutical multinationals in France, Germany and the United States, Carlos Monteiro decided to found his first pharmaceutical company in 2006, renamed Biojam in 2015, a company based in Cascais, but which later expanded to Spain, and is preparing in 2023 to enter the Benelux market - Luxembourg, Belgium and the Netherlands. <\/p>\n\n\n\n<p>In an interview with PA\u00cdS\u20acCON\u00d3MICO magazine, Carlos Monteiro, CEO of Biojam Holding Group, discussed the importance of the pharmaceutical company in the Iberian Peninsula, expansion into other markets, the Inovar Prize and the Biojam Foundation, which are elements of great support for scientific innovation and Portuguese society.<\/p>\n\n\n\n<p>\"Our vision and constant endeavour is to bring products and solutions that provide significant added value for all stakeholders, from production, stockists, distributors, the hospital or outpatient market, but above all for the citizens who benefit directly from our activity and who therefore improve their health and their lives\"<\/p>\n\n\n\n<p>You can read the full interview in Pa\u00eds Econ\u00f3mico magazine.<\/p>\n\n\n\n<div class=\"wp-block-buttons is-layout-flex wp-block-buttons-is-layout-flex\">\n<div class=\"wp-block-button has-custom-width wp-block-button__width-100\"><a class=\"wp-block-button__link has-background wp-element-button\" href=\"https:\/\/biojam.pt\/wp-content\/uploads\/2023\/02\/Pais-Economico-BIOJAM.pdf\" style=\"background-color:#0071bc\" target=\"_blank\" rel=\"noreferrer noopener\">Full interview<\/a><\/div>\n<\/div>","protected":false},"excerpt":{"rendered":"<p>Depois de uma carreira bem sucedida em diversas multinacionais farmac\u00eauticas em Fran\u00e7a, Alemanha e nos Estados Unidos, Carlos Monteiro decidiu fundar em 2006 a sua primeira empresa farmac\u00eautica, rebatizada de Biojam em 2015, empresa com sede em Cascais, mas que se expandiu mais tarde para Espanha, e se prepara neste ano de 2023 para entrar&#8230;<\/p>","protected":false},"author":2,"featured_media":5418,"comment_status":"closed","ping_status":"open","sticky":false,"template":"","format":"standard","meta":{"inline_featured_image":false,"footnotes":""},"categories":[22],"tags":[54,33,67],"class_list":["post-5416","post","type-post","status-publish","format-standard","has-post-thumbnail","hentry","category-noticias-externas","tag-biojam","tag-biojam-holding-group","tag-pais-economico"],"yoast_head":"<!-- This site is optimized with the Yoast SEO plugin v22.7 - https:\/\/yoast.com\/wordpress\/plugins\/seo\/ -->\n<title>Carlos Monteiro fala \u00e0 Pa\u00eds Econ\u00f3mico sobre a import\u00e2ncia da Biojam para a Pen\u00ednsula Ib\u00e9rica - Biojam Holding Group<\/title>\n<meta name=\"robots\" content=\"index, follow, max-snippet:-1, max-image-preview:large, max-video-preview:-1\" \/>\n<link rel=\"canonical\" href=\"https:\/\/biojam.pt\/en\/2023\/02\/01\/carlos-monteiro-fala-a-pais-economico-sobre-a-importancia-da-biojam-para-a-peninsula-iberica\/\" \/>\n<meta property=\"og:locale\" content=\"en_GB\" \/>\n<meta property=\"og:type\" content=\"article\" \/>\n<meta property=\"og:title\" content=\"Carlos Monteiro fala \u00e0 Pa\u00eds Econ\u00f3mico sobre a import\u00e2ncia da Biojam para a Pen\u00ednsula Ib\u00e9rica - Biojam Holding Group\" \/>\n<meta property=\"og:description\" content=\"Depois de uma carreira bem sucedida em diversas multinacionais farmac\u00eauticas em Fran\u00e7a, Alemanha e nos Estados Unidos, Carlos Monteiro decidiu fundar em 2006 a sua primeira empresa farmac\u00eautica, rebatizada de Biojam em 2015, empresa com sede em Cascais, mas que se expandiu mais tarde para Espanha, e se prepara neste ano de 2023 para entrar...\" \/>\n<meta property=\"og:url\" content=\"https:\/\/biojam.pt\/en\/2023\/02\/01\/carlos-monteiro-fala-a-pais-economico-sobre-a-importancia-da-biojam-para-a-peninsula-iberica\/\" \/>\n<meta property=\"og:site_name\" content=\"Biojam Holding Group\" \/>\n<meta property=\"article:publisher\" content=\"https:\/\/www.facebook.com\/biojamholding\" \/>\n<meta property=\"article:published_time\" content=\"2023-02-01T11:45:21+00:00\" \/>\n<meta property=\"article:modified_time\" content=\"2023-09-29T10:25:13+00:00\" \/>\n<meta property=\"og:image\" content=\"https:\/\/biojam.pt\/wp-content\/uploads\/2023\/02\/Pais-Economico-BIOJAM_Pagina_1-e1675251912329.jpg\" \/>\n\t<meta property=\"og:image:width\" content=\"1219\" \/>\n\t<meta property=\"og:image:height\" content=\"1168\" \/>\n\t<meta property=\"og:image:type\" content=\"image\/jpeg\" \/>\n<meta name=\"author\" content=\"eduardo\" \/>\n<meta name=\"twitter:card\" content=\"summary_large_image\" \/>\n<meta name=\"twitter:label1\" content=\"Written by\" \/>\n\t<meta name=\"twitter:data1\" content=\"eduardo\" \/>\n\t<meta name=\"twitter:label2\" content=\"Estimated reading time\" \/>\n\t<meta name=\"twitter:data2\" content=\"1 minute\" \/>\n<script type=\"application\/ld+json\" class=\"yoast-schema-graph\">{\"@context\":\"https:\/\/schema.org\",\"@graph\":[{\"@type\":\"Article\",\"@id\":\"https:\/\/biojam.pt\/2023\/02\/01\/carlos-monteiro-fala-a-pais-economico-sobre-a-importancia-da-biojam-para-a-peninsula-iberica\/#article\",\"isPartOf\":{\"@id\":\"https:\/\/biojam.pt\/2023\/02\/01\/carlos-monteiro-fala-a-pais-economico-sobre-a-importancia-da-biojam-para-a-peninsula-iberica\/\"},\"author\":{\"name\":\"eduardo\",\"@id\":\"https:\/\/biojam.pt\/#\/schema\/person\/a0cc565cc11775f3e7cb4f5e4ca5e717\"},\"headline\":\"Carlos Monteiro fala \u00e0 Pa\u00eds Econ\u00f3mico sobre a import\u00e2ncia da Biojam para a Pen\u00ednsula Ib\u00e9rica\",\"datePublished\":\"2023-02-01T11:45:21+00:00\",\"dateModified\":\"2023-09-29T10:25:13+00:00\",\"mainEntityOfPage\":{\"@id\":\"https:\/\/biojam.pt\/2023\/02\/01\/carlos-monteiro-fala-a-pais-economico-sobre-a-importancia-da-biojam-para-a-peninsula-iberica\/\"},\"wordCount\":217,\"publisher\":{\"@id\":\"https:\/\/biojam.pt\/#organization\"},\"image\":{\"@id\":\"https:\/\/biojam.pt\/2023\/02\/01\/carlos-monteiro-fala-a-pais-economico-sobre-a-importancia-da-biojam-para-a-peninsula-iberica\/#primaryimage\"},\"thumbnailUrl\":\"https:\/\/biojam.pt\/wp-content\/uploads\/2023\/02\/Pais-Economico-BIOJAM_Pagina_1-e1675251912329.jpg\",\"keywords\":[\"Biojam\",\"Biojam Holding Group\",\"Pa\u00eds Econ\u00f3mico\"],\"articleSection\":[\"Noticias externas\"],\"inLanguage\":\"en-GB\"},{\"@type\":\"WebPage\",\"@id\":\"https:\/\/biojam.pt\/2023\/02\/01\/carlos-monteiro-fala-a-pais-economico-sobre-a-importancia-da-biojam-para-a-peninsula-iberica\/\",\"url\":\"https:\/\/biojam.pt\/2023\/02\/01\/carlos-monteiro-fala-a-pais-economico-sobre-a-importancia-da-biojam-para-a-peninsula-iberica\/\",\"name\":\"Carlos Monteiro fala \u00e0 Pa\u00eds Econ\u00f3mico sobre a import\u00e2ncia da Biojam para a Pen\u00ednsula Ib\u00e9rica - Biojam Holding Group\",\"isPartOf\":{\"@id\":\"https:\/\/biojam.pt\/#website\"},\"primaryImageOfPage\":{\"@id\":\"https:\/\/biojam.pt\/2023\/02\/01\/carlos-monteiro-fala-a-pais-economico-sobre-a-importancia-da-biojam-para-a-peninsula-iberica\/#primaryimage\"},\"image\":{\"@id\":\"https:\/\/biojam.pt\/2023\/02\/01\/carlos-monteiro-fala-a-pais-economico-sobre-a-importancia-da-biojam-para-a-peninsula-iberica\/#primaryimage\"},\"thumbnailUrl\":\"https:\/\/biojam.pt\/wp-content\/uploads\/2023\/02\/Pais-Economico-BIOJAM_Pagina_1-e1675251912329.jpg\",\"datePublished\":\"2023-02-01T11:45:21+00:00\",\"dateModified\":\"2023-09-29T10:25:13+00:00\",\"breadcrumb\":{\"@id\":\"https:\/\/biojam.pt\/2023\/02\/01\/carlos-monteiro-fala-a-pais-economico-sobre-a-importancia-da-biojam-para-a-peninsula-iberica\/#breadcrumb\"},\"inLanguage\":\"en-GB\",\"potentialAction\":[{\"@type\":\"ReadAction\",\"target\":[\"https:\/\/biojam.pt\/2023\/02\/01\/carlos-monteiro-fala-a-pais-economico-sobre-a-importancia-da-biojam-para-a-peninsula-iberica\/\"]}]},{\"@type\":\"ImageObject\",\"inLanguage\":\"en-GB\",\"@id\":\"https:\/\/biojam.pt\/2023\/02\/01\/carlos-monteiro-fala-a-pais-economico-sobre-a-importancia-da-biojam-para-a-peninsula-iberica\/#primaryimage\",\"url\":\"https:\/\/biojam.pt\/wp-content\/uploads\/2023\/02\/Pais-Economico-BIOJAM_Pagina_1-e1675251912329.jpg\",\"contentUrl\":\"https:\/\/biojam.pt\/wp-content\/uploads\/2023\/02\/Pais-Economico-BIOJAM_Pagina_1-e1675251912329.jpg\",\"width\":1219,\"height\":1168},{\"@type\":\"BreadcrumbList\",\"@id\":\"https:\/\/biojam.pt\/2023\/02\/01\/carlos-monteiro-fala-a-pais-economico-sobre-a-importancia-da-biojam-para-a-peninsula-iberica\/#breadcrumb\",\"itemListElement\":[{\"@type\":\"ListItem\",\"position\":1,\"name\":\"In\u00edcio\",\"item\":\"https:\/\/biojam.pt\/\"},{\"@type\":\"ListItem\",\"position\":2,\"name\":\"Carlos Monteiro fala \u00e0 Pa\u00eds Econ\u00f3mico sobre a import\u00e2ncia da Biojam para a Pen\u00ednsula Ib\u00e9rica\"}]},{\"@type\":\"WebSite\",\"@id\":\"https:\/\/biojam.pt\/#website\",\"url\":\"https:\/\/biojam.pt\/\",\"name\":\"Biojam Holding Group\",\"description\":\"Empresa farmac\u00eautica de refer\u00eancia na Pen\u00ednsula Ib\u00e9rica.\",\"publisher\":{\"@id\":\"https:\/\/biojam.pt\/#organization\"},\"potentialAction\":[{\"@type\":\"SearchAction\",\"target\":{\"@type\":\"EntryPoint\",\"urlTemplate\":\"https:\/\/biojam.pt\/?s={search_term_string}\"},\"query-input\":\"required name=search_term_string\"}],\"inLanguage\":\"en-GB\"},{\"@type\":\"Organization\",\"@id\":\"https:\/\/biojam.pt\/#organization\",\"name\":\"Biojam Holding Group\",\"url\":\"https:\/\/biojam.pt\/\",\"logo\":{\"@type\":\"ImageObject\",\"inLanguage\":\"en-GB\",\"@id\":\"https:\/\/biojam.pt\/#\/schema\/logo\/image\/\",\"url\":\"https:\/\/biojam.pt\/wp-content\/uploads\/2022\/05\/logotipo-biojam-L500px-02.png\",\"contentUrl\":\"https:\/\/biojam.pt\/wp-content\/uploads\/2022\/05\/logotipo-biojam-L500px-02.png\",\"width\":501,\"height\":199,\"caption\":\"Biojam Holding Group\"},\"image\":{\"@id\":\"https:\/\/biojam.pt\/#\/schema\/logo\/image\/\"},\"sameAs\":[\"https:\/\/www.facebook.com\/biojamholding\"]},{\"@type\":\"Person\",\"@id\":\"https:\/\/biojam.pt\/#\/schema\/person\/a0cc565cc11775f3e7cb4f5e4ca5e717\",\"name\":\"eduardo\",\"image\":{\"@type\":\"ImageObject\",\"inLanguage\":\"en-GB\",\"@id\":\"https:\/\/biojam.pt\/#\/schema\/person\/image\/\",\"url\":\"https:\/\/secure.gravatar.com\/avatar\/765b26d69b26c109be48048709416b7bea566a6e3adf19063550b3d86f47c4b0?s=96&d=mm&r=g\",\"contentUrl\":\"https:\/\/secure.gravatar.com\/avatar\/765b26d69b26c109be48048709416b7bea566a6e3adf19063550b3d86f47c4b0?s=96&d=mm&r=g\",\"caption\":\"eduardo\"},\"url\":\"https:\/\/biojam.pt\/en\/author\/eduardo\/\"}]}<\/script>\n<!-- \/ Yoast SEO plugin. -->","yoast_head_json":{"title":"Carlos Monteiro fala \u00e0 Pa\u00eds Econ\u00f3mico sobre a import\u00e2ncia da Biojam para a Pen\u00ednsula Ib\u00e9rica - Biojam Holding Group","robots":{"index":"index","follow":"follow","max-snippet":"max-snippet:-1","max-image-preview":"max-image-preview:large","max-video-preview":"max-video-preview:-1"},"canonical":"https:\/\/biojam.pt\/en\/2023\/02\/01\/carlos-monteiro-fala-a-pais-economico-sobre-a-importancia-da-biojam-para-a-peninsula-iberica\/","og_locale":"en_GB","og_type":"article","og_title":"Carlos Monteiro fala \u00e0 Pa\u00eds Econ\u00f3mico sobre a import\u00e2ncia da Biojam para a Pen\u00ednsula Ib\u00e9rica - Biojam Holding Group","og_description":"Depois de uma carreira bem sucedida em diversas multinacionais farmac\u00eauticas em Fran\u00e7a, Alemanha e nos Estados Unidos, Carlos Monteiro decidiu fundar em 2006 a sua primeira empresa farmac\u00eautica, rebatizada de Biojam em 2015, empresa com sede em Cascais, mas que se expandiu mais tarde para Espanha, e se prepara neste ano de 2023 para entrar...","og_url":"https:\/\/biojam.pt\/en\/2023\/02\/01\/carlos-monteiro-fala-a-pais-economico-sobre-a-importancia-da-biojam-para-a-peninsula-iberica\/","og_site_name":"Biojam Holding Group","article_publisher":"https:\/\/www.facebook.com\/biojamholding","article_published_time":"2023-02-01T11:45:21+00:00","article_modified_time":"2023-09-29T10:25:13+00:00","og_image":[{"width":1219,"height":1168,"url":"https:\/\/biojam.pt\/wp-content\/uploads\/2023\/02\/Pais-Economico-BIOJAM_Pagina_1-e1675251912329.jpg","type":"image\/jpeg"}],"author":"eduardo","twitter_card":"summary_large_image","twitter_misc":{"Written by":"eduardo","Estimated reading time":"1 minute"},"schema":{"@context":"https:\/\/schema.org","@graph":[{"@type":"Article","@id":"https:\/\/biojam.pt\/2023\/02\/01\/carlos-monteiro-fala-a-pais-economico-sobre-a-importancia-da-biojam-para-a-peninsula-iberica\/#article","isPartOf":{"@id":"https:\/\/biojam.pt\/2023\/02\/01\/carlos-monteiro-fala-a-pais-economico-sobre-a-importancia-da-biojam-para-a-peninsula-iberica\/"},"author":{"name":"eduardo","@id":"https:\/\/biojam.pt\/#\/schema\/person\/a0cc565cc11775f3e7cb4f5e4ca5e717"},"headline":"Carlos Monteiro fala \u00e0 Pa\u00eds Econ\u00f3mico sobre a import\u00e2ncia da Biojam para a Pen\u00ednsula Ib\u00e9rica","datePublished":"2023-02-01T11:45:21+00:00","dateModified":"2023-09-29T10:25:13+00:00","mainEntityOfPage":{"@id":"https:\/\/biojam.pt\/2023\/02\/01\/carlos-monteiro-fala-a-pais-economico-sobre-a-importancia-da-biojam-para-a-peninsula-iberica\/"},"wordCount":217,"publisher":{"@id":"https:\/\/biojam.pt\/#organization"},"image":{"@id":"https:\/\/biojam.pt\/2023\/02\/01\/carlos-monteiro-fala-a-pais-economico-sobre-a-importancia-da-biojam-para-a-peninsula-iberica\/#primaryimage"},"thumbnailUrl":"https:\/\/biojam.pt\/wp-content\/uploads\/2023\/02\/Pais-Economico-BIOJAM_Pagina_1-e1675251912329.jpg","keywords":["Biojam","Biojam Holding Group","Pa\u00eds Econ\u00f3mico"],"articleSection":["Noticias externas"],"inLanguage":"en-GB"},{"@type":"WebPage","@id":"https:\/\/biojam.pt\/2023\/02\/01\/carlos-monteiro-fala-a-pais-economico-sobre-a-importancia-da-biojam-para-a-peninsula-iberica\/","url":"https:\/\/biojam.pt\/2023\/02\/01\/carlos-monteiro-fala-a-pais-economico-sobre-a-importancia-da-biojam-para-a-peninsula-iberica\/","name":"Carlos Monteiro fala \u00e0 Pa\u00eds Econ\u00f3mico sobre a import\u00e2ncia da Biojam para a Pen\u00ednsula Ib\u00e9rica - Biojam Holding Group","isPartOf":{"@id":"https:\/\/biojam.pt\/#website"},"primaryImageOfPage":{"@id":"https:\/\/biojam.pt\/2023\/02\/01\/carlos-monteiro-fala-a-pais-economico-sobre-a-importancia-da-biojam-para-a-peninsula-iberica\/#primaryimage"},"image":{"@id":"https:\/\/biojam.pt\/2023\/02\/01\/carlos-monteiro-fala-a-pais-economico-sobre-a-importancia-da-biojam-para-a-peninsula-iberica\/#primaryimage"},"thumbnailUrl":"https:\/\/biojam.pt\/wp-content\/uploads\/2023\/02\/Pais-Economico-BIOJAM_Pagina_1-e1675251912329.jpg","datePublished":"2023-02-01T11:45:21+00:00","dateModified":"2023-09-29T10:25:13+00:00","breadcrumb":{"@id":"https:\/\/biojam.pt\/2023\/02\/01\/carlos-monteiro-fala-a-pais-economico-sobre-a-importancia-da-biojam-para-a-peninsula-iberica\/#breadcrumb"},"inLanguage":"en-GB","potentialAction":[{"@type":"ReadAction","target":["https:\/\/biojam.pt\/2023\/02\/01\/carlos-monteiro-fala-a-pais-economico-sobre-a-importancia-da-biojam-para-a-peninsula-iberica\/"]}]},{"@type":"ImageObject","inLanguage":"en-GB","@id":"https:\/\/biojam.pt\/2023\/02\/01\/carlos-monteiro-fala-a-pais-economico-sobre-a-importancia-da-biojam-para-a-peninsula-iberica\/#primaryimage","url":"https:\/\/biojam.pt\/wp-content\/uploads\/2023\/02\/Pais-Economico-BIOJAM_Pagina_1-e1675251912329.jpg","contentUrl":"https:\/\/biojam.pt\/wp-content\/uploads\/2023\/02\/Pais-Economico-BIOJAM_Pagina_1-e1675251912329.jpg","width":1219,"height":1168},{"@type":"BreadcrumbList","@id":"https:\/\/biojam.pt\/2023\/02\/01\/carlos-monteiro-fala-a-pais-economico-sobre-a-importancia-da-biojam-para-a-peninsula-iberica\/#breadcrumb","itemListElement":[{"@type":"ListItem","position":1,"name":"In\u00edcio","item":"https:\/\/biojam.pt\/"},{"@type":"ListItem","position":2,"name":"Carlos Monteiro fala \u00e0 Pa\u00eds Econ\u00f3mico sobre a import\u00e2ncia da Biojam para a Pen\u00ednsula Ib\u00e9rica"}]},{"@type":"WebSite","@id":"https:\/\/biojam.pt\/#website","url":"https:\/\/biojam.pt\/","name":"Biojam Holding Group","description":"Empresa farmac\u00eautica de refer\u00eancia na Pen\u00ednsula Ib\u00e9rica.","publisher":{"@id":"https:\/\/biojam.pt\/#organization"},"potentialAction":[{"@type":"SearchAction","target":{"@type":"EntryPoint","urlTemplate":"https:\/\/biojam.pt\/?s={search_term_string}"},"query-input":"required name=search_term_string"}],"inLanguage":"en-GB"},{"@type":"Organization","@id":"https:\/\/biojam.pt\/#organization","name":"Biojam Holding Group","url":"https:\/\/biojam.pt\/","logo":{"@type":"ImageObject","inLanguage":"en-GB","@id":"https:\/\/biojam.pt\/#\/schema\/logo\/image\/","url":"https:\/\/biojam.pt\/wp-content\/uploads\/2022\/05\/logotipo-biojam-L500px-02.png","contentUrl":"https:\/\/biojam.pt\/wp-content\/uploads\/2022\/05\/logotipo-biojam-L500px-02.png","width":501,"height":199,"caption":"Biojam Holding Group"},"image":{"@id":"https:\/\/biojam.pt\/#\/schema\/logo\/image\/"},"sameAs":["https:\/\/www.facebook.com\/biojamholding"]},{"@type":"Person","@id":"https:\/\/biojam.pt\/#\/schema\/person\/a0cc565cc11775f3e7cb4f5e4ca5e717","name":"eduardo","image":{"@type":"ImageObject","inLanguage":"en-GB","@id":"https:\/\/biojam.pt\/#\/schema\/person\/image\/","url":"https:\/\/secure.gravatar.com\/avatar\/765b26d69b26c109be48048709416b7bea566a6e3adf19063550b3d86f47c4b0?s=96&d=mm&r=g","contentUrl":"https:\/\/secure.gravatar.com\/avatar\/765b26d69b26c109be48048709416b7bea566a6e3adf19063550b3d86f47c4b0?s=96&d=mm&r=g","caption":"eduardo"},"url":"https:\/\/biojam.pt\/en\/author\/eduardo\/"}]}},"_links":{"self":[{"href":"https:\/\/biojam.pt\/en\/wp-json\/wp\/v2\/posts\/5416","targetHints":{"allow":["GET"]}}],"collection":[{"href":"https:\/\/biojam.pt\/en\/wp-json\/wp\/v2\/posts"}],"about":[{"href":"https:\/\/biojam.pt\/en\/wp-json\/wp\/v2\/types\/post"}],"author":[{"embeddable":true,"href":"https:\/\/biojam.pt\/en\/wp-json\/wp\/v2\/users\/2"}],"replies":[{"embeddable":true,"href":"https:\/\/biojam.pt\/en\/wp-json\/wp\/v2\/comments?post=5416"}],"version-history":[{"count":1,"href":"https:\/\/biojam.pt\/en\/wp-json\/wp\/v2\/posts\/5416\/revisions"}],"predecessor-version":[{"id":5419,"href":"https:\/\/biojam.pt\/en\/wp-json\/wp\/v2\/posts\/5416\/revisions\/5419"}],"wp:featuredmedia":[{"embeddable":true,"href":"https:\/\/biojam.pt\/en\/wp-json\/wp\/v2\/media\/5418"}],"wp:attachment":[{"href":"https:\/\/biojam.pt\/en\/wp-json\/wp\/v2\/media?parent=5416"}],"wp:term":[{"taxonomy":"category","embeddable":true,"href":"https:\/\/biojam.pt\/en\/wp-json\/wp\/v2\/categories?post=5416"},{"taxonomy":"post_tag","embeddable":true,"href":"https:\/\/biojam.pt\/en\/wp-json\/wp\/v2\/tags?post=5416"}],"curies":[{"name":"wp","href":"https:\/\/api.w.org\/{rel}","templated":true}]}}